{"id":5992,"date":"2019-05-28T03:00:00","date_gmt":"2019-05-28T06:00:00","guid":{"rendered":"http:\/\/vocesdebaires.com.ar\/wordpress\/index.php\/2019\/05\/28\/macri-larreta-inauguraron-el-paseo-del-bajo\/"},"modified":"2019-05-28T03:00:00","modified_gmt":"2019-05-28T06:00:00","slug":"macri-larreta-inauguraron-el-paseo-del-bajo","status":"publish","type":"post","link":"https:\/\/vocesdebaires.com.ar\/index.php\/2019\/05\/28\/macri-larreta-inauguraron-el-paseo-del-bajo\/","title":{"rendered":"Macri, Larreta: Inauguraron el Paseo del Bajo"},"content":{"rendered":"<p>El presidente de la Naci\u00f3n, Mauricio Macri; el jefe de Gobierno porte\u00f1o, Horacio Rodr\u00edguez Larreta, y la gobernadora de la provincia de Buenos Aires, Mar\u00eda Eugenia Vidal, inauguraron el Paseo del Bajo, un proyecto urban\u00edstico de 7,1 kil\u00f3metros que mejora la fluidez del tr\u00e1nsito y la conexi\u00f3n entre el norte y el sur de la Ciudad, desde la calle Brasil hasta el Peaje Illia. Macri expres\u00f3 que \u201ces una inmensa alegr\u00eda estar frente a esta obra descomunal, tan importante para el funcionamiento futuro de la Ciudad, del Gran Buenos Aires, de todo el pa\u00eds\u201d.Asegur\u00f3 que \u201clo que est\u00e1 pasando hoy es un ejemplo casi perfecto de lo que pasa en todo el pa\u00eds: los argentinos estamos sorprendidos porque no est\u00e1bamos acostumbrados a que un problema que arrastr\u00e1bamos hace mucho tiempo, de golpe ten\u00eda soluci\u00f3n\u201d.<\/p>\n<p>\u201cSoluci\u00f3n hecha producto del trabajo y la coordinaci\u00f3n de miles de argentinos que trabajaron profesionalmente, honestamente. Y con un gobierno que quiere estar a la altura de una sociedad que quiere crecer\u201d, agreg\u00f3 el Presidente. En esa l\u00ednea, Macri consider\u00f3 que \u201cde eso se trata gobernar, de ayudar a crecer\u201d, y dijo estar \u201cconvencido que una obra como \u00e9sta es m\u00e1s importante que miles de discursos, que todas las teor\u00edas que podamos tener, porque esto es real, esto es progreso real, esto les empieza a cambiar un poquito la vida a cientos de miles de personas todos los d\u00edas\u201d.<\/p>\n<p>\u201cEsto que hemos hecho es cambiar, es dejar de darle la espalda a las cosas importantes que nos permiten crecer. Es demostrarnos a nosotros mismos todo lo que somos capaces de hacer trabajando juntos\u201d, concluy\u00f3 el Jefe de Estado. A su vez, Rodr\u00edguez Larreta explic\u00f3 que \u201cesto se puede hacer porque nunca antes en la Ciudad se hab\u00edan hecho las obras de base, esas obras que son dif\u00edciles, que no se ven\u201d, y a\u00f1adi\u00f3 que \u201cser\u00eda impensable que hoy hagamos viaductos en una ciudad que se inundaba\u201d.<\/p>\n<p>El Jefe de Gobierno destac\u00f3 que \u201cnunca antes hab\u00edamos podido trabajar tan en equipo con el Gobierno nacional, con la Provincia, con todos los organismos que est\u00e1n participando en esto\u201d.<br \/>Y le agradeci\u00f3 especialmente a la Legislatura porte\u00f1a, dado que \u201cesto tiene varias leyes que nos permitieron conseguir los fondos, definir la traza\u201d, y tambi\u00e9n a \u201ctodos los que trabajaron en esta obra\u201d que fueron \u201cm\u00e1s de 3.500 trabajadores argentinos, ingenieros argentinos, empresas argentinas que muestran que cuando hacemos las cosas bien como nunca antes, podemos hacer obras de primer nivel mundial\u201d.<\/p>\n<p>\u201cComo reflexi\u00f3n final a m\u00ed me queda la enorme ilusi\u00f3n, el gran optimismo de que se puede, de que este cambio que est\u00e1 llevando adelante Mauricio en todo el pa\u00eds, esta es una muestra m\u00e1s que se puede\u201d, dijo. Por otro lado, Vidal remarc\u00f3 que \u00e9sta es una obra que \u201cvamos a poder disfrutar, no solamente los porte\u00f1os sino tambi\u00e9n los bonaerenses, porque por aqu\u00ed van a pasar los transportistas que vengan de la provincia, porque aquellos que vengan a estudiar y trabajar todos los d\u00edas van a tener su tr\u00e1nsito m\u00e1s fluido\u201d.<\/p>\n<p>\u201cCuando estaba terminando el 2015 y est\u00e1bamos decidiendo c\u00f3mo quer\u00edamos vivir y c\u00f3mo quer\u00edamos cambiar, y ya hab\u00eda sido electa gobernadora y todav\u00eda faltaba la decisi\u00f3n sobre la presidencia, yo le dec\u00eda a los bonaerenses que \u00e9ramos un equipo, que apost\u00e1ramos a ese equipo. \u00c9ramos un equipo porque trabaj\u00e1bamos como equipo\u201d, record\u00f3. Estuvieron presentes en la inauguraci\u00f3n el ministro de Transporte de la Naci\u00f3n, Guillermo Dietrich; el vicejefe de Gobierno de la Ciudad, Diego Santilli; el jefe de Gabinete porte\u00f1o, Felipe Miguel; el ministro de Desarrollo Urbano y Transporte de la Ciudad, Franco Moccia; el secretario de Transporte porte\u00f1o, Juan Jos\u00e9 Mendez, y el presidente de AUSA, Carlos Frugoni, entre otros funcionarios porte\u00f1os, provinciales y nacionales.<\/p>\n<p>El Paseo del Bajo separa los camiones y colectivos de los veh\u00edculos particulares con una nueva autopista para el tr\u00e1nsito pesado y conecta las autopistas Buenos Aires-La Plata y 25 de Mayo con la Illia, el puerto y la terminal de \u00f3mnibus de Retiro. La obra beneficia a m\u00e1s de 134.000 pasajeros diarios, los cuales se dividen en: 15.326 conductores de camiones;\u00a0 28.245 pasajeros de micros de larga distancia, y 91.070 vecinos que se movilizan en autos particulares. Cuenta con 12 carriles: cuatro exclusivos para camiones y micros de larga distancia, con acceso directo al puerto y a la Terminal de Retiro, y ocho carriles para veh\u00edculos livianos (cuatro con sentido norte sobre la avenida Moreau de Justo y cuatro con sentido sur sobre la avenida Huergo).<\/p>\n<p>Adem\u00e1s se crearon cruces transversales para la circulaci\u00f3n entre Microcentro y Puerto Madero. La obra del Paseo del Bajo permite adem\u00e1s disminuir la emisi\u00f3n de gases, favoreciendo el ambiente, sumar m\u00e1s espacios p\u00fablicos para los vecinos de la Ciudad, equivalentes a dos Parque Lezama, y fomentar el uso del transporte sustentable a trav\u00e9s de la construcci\u00f3n de ciclov\u00edas.<br \/>La obra la llev\u00f3 adelante el Ministerio de Transporte de la Naci\u00f3n, el Ministerio de Desarrollo Urbano y Transporte de la Ciudad, Autopistas Urbanas S.A. (AUSA) y la Corporaci\u00f3n Antiguo Puerto Madero.<\/p>\n<p>El pasado 20 de mayo se inaugur\u00f3 el Parque del Bajo, una obra que unific\u00f3, recuper\u00f3 y puso en valor m\u00e1s de diez hect\u00e1reas de parques, plazas y plazoletas. En \u00e9l hay nuevas ciclov\u00edas, cruces peatonales, postas aer\u00f3bicas y juegos infantiles para brindar mayor seguridad y fomentar la recreaci\u00f3n y la movilidad sustentable en la zona. Adem\u00e1s, se eliminaron rejas y se ampliaron veredas a lo largo y ancho de toda el \u00e1rea.<\/p>\n","protected":false},"excerpt":{"rendered":"<p>El presidente de la Naci\u00f3n, Mauricio Macri; el jefe de Gobierno porte\u00f1o, Horacio Rodr\u00edguez Larreta, y la gobernadora de la provincia de Buenos Aires, Mar\u00eda Eugenia Vidal, inauguraron el Paseo del Bajo, un proyecto urban\u00edstico de 7,1 kil\u00f3metros que mejora la fluidez del tr\u00e1nsito y la conexi\u00f3n entre el norte y el sur de la [&hellip;]<\/p>\n","protected":false},"author":1,"featured_media":5993,"comment_status":"open","ping_status":"open","sticky":false,"template":"","format":"standard","meta":{"_et_pb_use_builder":"","_et_pb_old_content":"","_et_gb_content_width":"","footnotes":""},"categories":[11,32],"tags":[],"class_list":["post-5992","post","type-post","status-publish","format-standard","has-post-thumbnail","hentry","category-ciudad","category-comunas"],"_links":{"self":[{"href":"https:\/\/vocesdebaires.com.ar\/index.php\/wp-json\/wp\/v2\/posts\/5992"}],"collection":[{"href":"https:\/\/vocesdebaires.com.ar\/index.php\/wp-json\/wp\/v2\/posts"}],"about":[{"href":"https:\/\/vocesdebaires.com.ar\/index.php\/wp-json\/wp\/v2\/types\/post"}],"author":[{"embeddable":true,"href":"https:\/\/vocesdebaires.com.ar\/index.php\/wp-json\/wp\/v2\/users\/1"}],"replies":[{"embeddable":true,"href":"https:\/\/vocesdebaires.com.ar\/index.php\/wp-json\/wp\/v2\/comments?post=5992"}],"version-history":[{"count":0,"href":"https:\/\/vocesdebaires.com.ar\/index.php\/wp-json\/wp\/v2\/posts\/5992\/revisions"}],"wp:featuredmedia":[{"embeddable":true,"href":"https:\/\/vocesdebaires.com.ar\/index.php\/wp-json\/wp\/v2\/media\/5993"}],"wp:attachment":[{"href":"https:\/\/vocesdebaires.com.ar\/index.php\/wp-json\/wp\/v2\/media?parent=5992"}],"wp:term":[{"taxonomy":"category","embeddable":true,"href":"https:\/\/vocesdebaires.com.ar\/index.php\/wp-json\/wp\/v2\/categories?post=5992"},{"taxonomy":"post_tag","embeddable":true,"href":"https:\/\/vocesdebaires.com.ar\/index.php\/wp-json\/wp\/v2\/tags?post=5992"}],"curies":[{"name":"wp","href":"https:\/\/api.w.org\/{rel}","templated":true}]}}