{"id":601,"date":"2020-01-21T03:17:53","date_gmt":"2020-01-21T06:17:53","guid":{"rendered":"http:\/\/vocesdebaires.com.ar\/wordpress\/index.php\/2020\/01\/21\/estadisticas-sobre-gente-mayor\/"},"modified":"2020-01-21T03:17:53","modified_gmt":"2020-01-21T06:17:53","slug":"estadisticas-sobre-gente-mayor","status":"publish","type":"post","link":"https:\/\/vocesdebaires.com.ar\/index.php\/2020\/01\/21\/estadisticas-sobre-gente-mayor\/","title":{"rendered":"Estad\u00edsticas sobre gente mayor"},"content":{"rendered":"<p>En la \u00faltima sesi\u00f3n ordinaria de a\u00f1o 2019, los legisladores porte\u00f1os sancionaron la ley 6267, destinada a \u00abgarantizar la incorporaci\u00f3n y la distinci\u00f3n de los datos sobre las personas adultas mayores en todas las producciones del Sistema Estad\u00edstico de la Ciudad Aut\u00f3noma de Buenos Aires\u00bb. \u00abLa incorporaci\u00f3n de los datos sobre la poblaci\u00f3n de 60 a\u00f1os y m\u00e1s en la producci\u00f3n estad\u00edstica otorga visibilidad a las distintas manifestaciones de las desigualdades que les ocurren, permite una comprensi\u00f3n m\u00e1s adecuada y significativa de sus realidades, y contribuye a la formulaci\u00f3n de las pol\u00edticas p\u00fablicas, en la investigaci\u00f3n, en la legislaci\u00f3n y en la asignaci\u00f3n de recursos\u00bb, explica la propia norma.<\/p>\n<p>La finalidad es \u00abdisponer de datos que den cuenta de las realidades particulares de las personas adultas mayores; generar estad\u00edsticas de mayor calidad; proporcionar diagn\u00f3sticos que favorezcan la identificaci\u00f3n de patrones de discriminaci\u00f3n y asimetr\u00eda relacionados con la edad; y proveer informaci\u00f3n para la elaboraci\u00f3n e implementaci\u00f3n de pol\u00edticas p\u00fablicas que apunten a garantizar el principio de igualdad y no discriminaci\u00f3n\u00bb.<\/p>\n<p>La Direcci\u00f3n General de Estad\u00edsticas y Censos de la CABA ser\u00e1 la autoridad de aplicaci\u00f3n y deber\u00e1 \u00abestablecer las tem\u00e1ticas y datos a recolectar\u00bb\u00a0 y \u00absolicitar toda informaci\u00f3n que permita el cumplimiento de la presente ley a otras \u00e1reas de gobierno\u00bb. La iniciativa fue de la legisladora\u00a0 Ma. Sol M\u00e9ndez, con la coautor\u00eda de Gast\u00f3n Blanchetierre, Natalia Fidel y Diego Garc\u00eda Vilas (todos de Vamos Juntos). Tuvo despacho de la comisi\u00f3n de Pol\u00edticas de Promoci\u00f3n e Integraci\u00f3n Social y fue aprobada en la sesi\u00f3n ordinaria del 5 de diciembre de 2019.<\/p>\n","protected":false},"excerpt":{"rendered":"<p>En la \u00faltima sesi\u00f3n ordinaria de a\u00f1o 2019, los legisladores porte\u00f1os sancionaron la ley 6267, destinada a \u00abgarantizar la incorporaci\u00f3n y la distinci\u00f3n de los datos sobre las personas adultas mayores en todas las producciones del Sistema Estad\u00edstico de la Ciudad Aut\u00f3noma de Buenos Aires\u00bb. \u00abLa incorporaci\u00f3n de los datos sobre la poblaci\u00f3n de 60 [&hellip;]<\/p>\n","protected":false},"author":1,"featured_media":602,"comment_status":"open","ping_status":"open","sticky":false,"template":"","format":"standard","meta":{"_et_pb_use_builder":"","_et_pb_old_content":"","_et_gb_content_width":"","footnotes":""},"categories":[11,33],"tags":[],"class_list":["post-601","post","type-post","status-publish","format-standard","has-post-thumbnail","hentry","category-ciudad","category-sociedad-y-cultura-2"],"_links":{"self":[{"href":"https:\/\/vocesdebaires.com.ar\/index.php\/wp-json\/wp\/v2\/posts\/601"}],"collection":[{"href":"https:\/\/vocesdebaires.com.ar\/index.php\/wp-json\/wp\/v2\/posts"}],"about":[{"href":"https:\/\/vocesdebaires.com.ar\/index.php\/wp-json\/wp\/v2\/types\/post"}],"author":[{"embeddable":true,"href":"https:\/\/vocesdebaires.com.ar\/index.php\/wp-json\/wp\/v2\/users\/1"}],"replies":[{"embeddable":true,"href":"https:\/\/vocesdebaires.com.ar\/index.php\/wp-json\/wp\/v2\/comments?post=601"}],"version-history":[{"count":0,"href":"https:\/\/vocesdebaires.com.ar\/index.php\/wp-json\/wp\/v2\/posts\/601\/revisions"}],"wp:featuredmedia":[{"embeddable":true,"href":"https:\/\/vocesdebaires.com.ar\/index.php\/wp-json\/wp\/v2\/media\/602"}],"wp:attachment":[{"href":"https:\/\/vocesdebaires.com.ar\/index.php\/wp-json\/wp\/v2\/media?parent=601"}],"wp:term":[{"taxonomy":"category","embeddable":true,"href":"https:\/\/vocesdebaires.com.ar\/index.php\/wp-json\/wp\/v2\/categories?post=601"},{"taxonomy":"post_tag","embeddable":true,"href":"https:\/\/vocesdebaires.com.ar\/index.php\/wp-json\/wp\/v2\/tags?post=601"}],"curies":[{"name":"wp","href":"https:\/\/api.w.org\/{rel}","templated":true}]}}