{"id":6011,"date":"2019-05-27T03:00:00","date_gmt":"2019-05-27T06:00:00","guid":{"rendered":"http:\/\/vocesdebaires.com.ar\/wordpress\/index.php\/2019\/05\/27\/inti-denunciado-por-vaciamiento-del-polo-textil\/"},"modified":"2019-05-27T03:00:00","modified_gmt":"2019-05-27T06:00:00","slug":"inti-denunciado-por-vaciamiento-del-polo-textil","status":"publish","type":"post","link":"https:\/\/vocesdebaires.com.ar\/index.php\/2019\/05\/27\/inti-denunciado-por-vaciamiento-del-polo-textil\/","title":{"rendered":"INTI denunciado por vaciamiento del Polo Textil"},"content":{"rendered":"<p>Seg\u00fan denuncia la fundaci\u00f3n La Alameda, la OIT (Organizaci\u00f3n Internacional del Trabajo), la OIM Cono Sur y Argentina (Organizaci\u00f3n Internacional para los Migrantes), jueces federales, fiscales federal, el Consejo Federal de Trata y hasta Acci\u00f3n Cat\u00f3lica est\u00e1n preocupados por el vaciamiento del Polo Textil, en el barrio porte\u00f1o de Barracas, por ser la primera y \u00fanica pol\u00edtica p\u00fablica para v\u00edctimas de trata y explotaci\u00f3n que salieron de talleres clandestinos o prost\u00edbulos.Este retroceso lo encabeza Javier Ib\u00e1\u00f1ez, titular del Instituto Nacional de Tecnolog\u00eda Industrial (INTI), quien retir\u00f3 a todo su personal t\u00e9cnico del Centro Demostrativo de Indumentaria (CDI), como se conoce formalmente al Polo, que tiene un tama\u00f1o de mil metros cuadrados, con 40 costureros y 180 m\u00e1quinas.<\/p>\n<p>\u201cEsto significa que los costureros ya no contamos con los t\u00e9cnicos en dise\u00f1o, arreglo de m\u00e1quinas, en lo administrativo, para la proyecci\u00f3n econ\u00f3mica, como comercial todas a\u00e9reas claves para el funcionamiento del Polo frente a una industria que el 80 por ciento produce en talleres clandestinos, con trabajo esclavo, sin respecto de las leyes laborales o el pago de impuestos, con empresas que ganan licitaciones del Estado sin tener empleados o acreditado solo uno, encima todo esto en el marco de la brutal ca\u00edda del consumo y la inflaci\u00f3n que no para\u201d, reflexion\u00f3 Ezequiel Conde, miembro de la Alameda y una de las textiles en el Polo. Asimismo el INTI retir\u00f3 de su organigrama al CDI y esto fue justiciado por el propio titular del INTI en una reuni\u00f3n con los costureros.<\/p>\n<p>\u201cIb\u00e1\u00f1ez nos chamuy\u00f3 con el empredurismo y el s\u00ed se puede, pero ellos en los hechos ya dejaron la pol\u00edtica p\u00fablica abandonada, se retira el Estado, entonces tenemos una libertad en realidad falsa, porque nos bloquearon los tel\u00e9fonos de las oficinas, no nos permiten ir a otros sectores del Polo, y lo \u00fanico que dejan es un personal de seguridad privada para abrir y cerrar la puerta\u201d, agreg\u00f3 Conde, quien no se olvida que este es el segundo recorte del INTI, el primero sucedi\u00f3 hace dos a\u00f1os atr\u00e1s con el despido de 256 trabajadores, entre ellos del Polo Textil el delegado gremial y t\u00e9cnico, N\u00e9stor Escudero. Asimismo, la Corporaci\u00f3n del Sur, a cargo de Karina Spalla, tambi\u00e9n se le dirigi\u00f3 una nota por el vaciamiento del Polo Textil, porque de este organismo depende el predio y figuran como creadores de esta pol\u00edtica p\u00fablica, que en su momento fue in\u00e9dito adem\u00e1s por poder unir organismos del Estado nacional, porte\u00f1o, justicia y trabajadores.<\/p>\n<p>Por otro lado, quien puso el grito en el cielo, fue el juez federal porte\u00f1o que en el a\u00f1o 2008 decomiso la maquinaria de una f\u00e1brica esclavista y la entreg\u00f3 en comodato para la ayuda a los costureros.<br \/>\u201cEl Polo Textil es sanador y da dignidad\u201d, as\u00ed defini\u00f3 Sergio Torres, que hace d\u00edas atr\u00e1s fue ascendido a la Corte Suprema de la Provincia de Buenos Aires. Torres se refiri\u00f3 al Polo Textil de Barracas, en un encuentro del Equipo No a la Trata en la sede de la Conferencia Episcopal Argentina (CEA).Asimismo el magistrado, ascendido al m\u00e1ximo tribunal bonaerense, le dirigi\u00f3 una nota al titular del INTI, se\u00f1alando su \u201cpreocupaci\u00f3n porque mucha de las maquinas en el Centro son producto del secuestro en el marco de la causa 7.786\/08, en el juzgado N\u00ba 12\u201d y de la que \u201cconsidera de suma importancia que siga el centro bajo un r\u00e9gimen laboral acorde a la ley\u201d.<\/p>\n<p>A la oficina de Ib\u00e1\u00f1ez en el INTI tambi\u00e9n lleg\u00f3 una nota de preocupaci\u00f3n firmada por los titulares de la Fiscal\u00eda Anti-Trata. Marcelo Colombo y Alejandra Mangano se\u00f1alan que el Polo Textil \u201cconstituye un espacio de reinserci\u00f3n laboral de personas en situaci\u00f3n de vulnerabilidad\u201d, y le record\u00f3 las palabras del ingeniero Enrique Mart\u00ednez, ex presidente del INTI, que dijo el d\u00eda de la inauguraci\u00f3n del Polo \u201cse trata de una planta textil preparada para la instalaci\u00f3n de cooperativas de trabajadores costureros\u201d. Estos fiscales adem\u00e1s lograron hace pocos d\u00edas que se aprobara una nota en defensa del Polo Textil por el Consejo Federal de Trata y Explotaci\u00f3n, que va dirigir la misma una carta al Comit\u00e9 de Trata que depende de Marcos Pe\u00f1a, titular de la Jefatura de Gabinete de Ministros. Los titulares de la Procuradur\u00eda sobre Trata y Explotaci\u00f3n (PROTEX) se\u00f1alaron que el INTI tambi\u00e9n es depositario judicial de las maquinas entregadas por el juzgado federal N\u00ba 4, a cargo de Ariel Lijo, en el expediente 3692\/2013 quien expres\u00f3 en un fallo que \u201cno tiene sentido que las maquinarias secuestradas se mantengan ociosas hasta el momento en que se dicte sentencia definitiva, mientras las v\u00edctimas se encuentran desocupadas y sin sustento\u201d.<\/p>\n<p>Por otra parte, Acci\u00f3n Cat\u00f3lica Argentina (ACA), dirigi\u00f3 una nota, con la firma de su titular Rafael Corso, al presidente del INTI, donde explica que se reunieron con \u201ctrabajadores del Polo Textil y de la Fundaci\u00f3n Alameda que nos han relatado que no queda personal t\u00e9cnico que administre la pol\u00edtica p\u00fablica como ven\u00eda sucediendo desde hac\u00eda una d\u00e9cada\u201d, y hasta escucharon al \u201cpropio juez federal, Sergio Torres, que nos dej\u00f3 un panorama que nos ha dejado muy preocupados sobre la falta considerable de pol\u00edticas de Estado para revertir la plaga de la trata, el trabajo esclavo y la desocupaci\u00f3n y por ello solicitamos todas las medidas posibles para no dejar el Polo Textil librado a la buena voluntad solo de los trabajadores de las cooperativas si no que el Estado se haga cargo de sus funciones en favor del bien de toda la comunidad y sobre todo los m\u00e1s vulnerables. Como el magisterio del Papa Francisco nos ha ense\u00f1ado la trata de personas es un delito de lesa humanidad que da\u00f1a en primera medida a la v\u00edctima, pero tambi\u00e9n a toda la sociedad\u201d<\/p>\n","protected":false},"excerpt":{"rendered":"<p>Seg\u00fan denuncia la fundaci\u00f3n La Alameda, la OIT (Organizaci\u00f3n Internacional del Trabajo), la OIM Cono Sur y Argentina (Organizaci\u00f3n Internacional para los Migrantes), jueces federales, fiscales federal, el Consejo Federal de Trata y hasta Acci\u00f3n Cat\u00f3lica est\u00e1n preocupados por el vaciamiento del Polo Textil, en el barrio porte\u00f1o de Barracas, por ser la primera y [&hellip;]<\/p>\n","protected":false},"author":1,"featured_media":6012,"comment_status":"open","ping_status":"open","sticky":false,"template":"","format":"standard","meta":{"_et_pb_use_builder":"","_et_pb_old_content":"","_et_gb_content_width":"","footnotes":""},"categories":[11,33],"tags":[],"class_list":["post-6011","post","type-post","status-publish","format-standard","has-post-thumbnail","hentry","category-ciudad","category-sociedad-y-cultura-2"],"_links":{"self":[{"href":"https:\/\/vocesdebaires.com.ar\/index.php\/wp-json\/wp\/v2\/posts\/6011"}],"collection":[{"href":"https:\/\/vocesdebaires.com.ar\/index.php\/wp-json\/wp\/v2\/posts"}],"about":[{"href":"https:\/\/vocesdebaires.com.ar\/index.php\/wp-json\/wp\/v2\/types\/post"}],"author":[{"embeddable":true,"href":"https:\/\/vocesdebaires.com.ar\/index.php\/wp-json\/wp\/v2\/users\/1"}],"replies":[{"embeddable":true,"href":"https:\/\/vocesdebaires.com.ar\/index.php\/wp-json\/wp\/v2\/comments?post=6011"}],"version-history":[{"count":0,"href":"https:\/\/vocesdebaires.com.ar\/index.php\/wp-json\/wp\/v2\/posts\/6011\/revisions"}],"wp:featuredmedia":[{"embeddable":true,"href":"https:\/\/vocesdebaires.com.ar\/index.php\/wp-json\/wp\/v2\/media\/6012"}],"wp:attachment":[{"href":"https:\/\/vocesdebaires.com.ar\/index.php\/wp-json\/wp\/v2\/media?parent=6011"}],"wp:term":[{"taxonomy":"category","embeddable":true,"href":"https:\/\/vocesdebaires.com.ar\/index.php\/wp-json\/wp\/v2\/categories?post=6011"},{"taxonomy":"post_tag","embeddable":true,"href":"https:\/\/vocesdebaires.com.ar\/index.php\/wp-json\/wp\/v2\/tags?post=6011"}],"curies":[{"name":"wp","href":"https:\/\/api.w.org\/{rel}","templated":true}]}}