{"id":6013,"date":"2019-05-27T03:00:00","date_gmt":"2019-05-27T06:00:00","guid":{"rendered":"http:\/\/vocesdebaires.com.ar\/wordpress\/index.php\/2019\/05\/27\/venta-prohibidas-cayo-la-fabrica-de-anabolicos\/"},"modified":"2019-05-27T03:00:00","modified_gmt":"2019-05-27T06:00:00","slug":"venta-prohibidas-cayo-la-fabrica-de-anabolicos","status":"publish","type":"post","link":"https:\/\/vocesdebaires.com.ar\/index.php\/2019\/05\/27\/venta-prohibidas-cayo-la-fabrica-de-anabolicos\/","title":{"rendered":"Venta prohibidas: Cay\u00f3 &quot;La F\u00e1brica de Anab\u00f3licos&quot;"},"content":{"rendered":"<p>A ra\u00edz de una serie de denuncias de distintos usuarios sobre irregularidades encontradas en suplementos dietarios, personal de la Divisi\u00f3n Delitos Contra la Salud y la Seguridad Personal de la Polic\u00eda de la Ciudad, realiz\u00f3 varias investigaciones que permitieron ubicar el lugar donde se fabricaban y comercializaban diversos anab\u00f3licos y sustancias ilegales. Para sorpresa del personal policial, se trataba de una farmacia ubicada sobre Callao a metros de la Facultad de Medicina donde adem\u00e1s de funcionar como laboratorio, f\u00e1brica y b\u00fanker de almacenamiento, se inyectaban las sustancias prohibidas a fisicoculturistas y deportistas sobre una peque\u00f1a camilla ubicada en un cuarto dispuesto para tal fin. Ante las pruebas recabadas por la divisi\u00f3n de la fuerza policial porte\u00f1a, la U.F.E.M.A. (Unidad Especializada en Materia Ambiental) a cargo del Dr. Matias Blas Michenzi, orden\u00f3 el allanamiento del comercio.<\/p>\n<p>El procedimiento fue llevado a cabo por personal de brigada y permiti\u00f3 descubrir el funcionamiento de un dep\u00f3sito clandestino, ubicado\u00a0 en un patio techado en muy malas condiciones ambientales incluyendo abundante humedad. En su interior se encontraron numerosos canastos con frascos transparentes los cuales conten\u00edan 300 mil pastillas de anab\u00f3licos y 50 litros de l\u00edquidos inyectables. Los oficiales de la Polic\u00eda de la Ciudad pudieron constatar que en el interior del local, se comercializaban diferentes clases de anab\u00f3licos prohibidos para el consumo humano, muchos de los cuales eran vendidos sin receta m\u00e9dica y aplicados con jeringas a ocasionales deportistas y fisicoculturistas, los cuales eran sometidos a la aplicaci\u00f3n sobre una camilla dentro de un peque\u00f1o cuarto preparado especialmente para tal fin.<\/p>\n<p>En el operativo, estuvo presente personal de la A.N.M.A.T. (Administraci\u00f3n Nacional de Medicamentos, Alimentos y Tecnolog\u00eda M\u00e9dica), que verific\u00f3 y certific\u00f3 que los productos estaban prohibidos y no eran aptos para el consumo humano, por lo que dispusieron la destrucci\u00f3n de los mismos. Adem\u00e1s participaron agentes de la D.G.F.y C.(Direcci\u00f3n General de Fiscalizaci\u00f3n y Control) y de Sanidad de Frontera del Ministerio de Salud.Por orden del juzgado interventor, la farmacia fue clausurada por personal de la Agencia Gubernamental de Control, mientras que su responsable, un hombre de 48 a\u00f1os, fue detenido y trasladado a la comisar\u00eda.<\/p>\n","protected":false},"excerpt":{"rendered":"<p>A ra\u00edz de una serie de denuncias de distintos usuarios sobre irregularidades encontradas en suplementos dietarios, personal de la Divisi\u00f3n Delitos Contra la Salud y la Seguridad Personal de la Polic\u00eda de la Ciudad, realiz\u00f3 varias investigaciones que permitieron ubicar el lugar donde se fabricaban y comercializaban diversos anab\u00f3licos y sustancias ilegales. Para sorpresa del [&hellip;]<\/p>\n","protected":false},"author":1,"featured_media":0,"comment_status":"open","ping_status":"open","sticky":false,"template":"","format":"standard","meta":{"_et_pb_use_builder":"","_et_pb_old_content":"","_et_gb_content_width":"","footnotes":""},"categories":[11,33],"tags":[],"class_list":["post-6013","post","type-post","status-publish","format-standard","hentry","category-ciudad","category-sociedad-y-cultura-2"],"_links":{"self":[{"href":"https:\/\/vocesdebaires.com.ar\/index.php\/wp-json\/wp\/v2\/posts\/6013"}],"collection":[{"href":"https:\/\/vocesdebaires.com.ar\/index.php\/wp-json\/wp\/v2\/posts"}],"about":[{"href":"https:\/\/vocesdebaires.com.ar\/index.php\/wp-json\/wp\/v2\/types\/post"}],"author":[{"embeddable":true,"href":"https:\/\/vocesdebaires.com.ar\/index.php\/wp-json\/wp\/v2\/users\/1"}],"replies":[{"embeddable":true,"href":"https:\/\/vocesdebaires.com.ar\/index.php\/wp-json\/wp\/v2\/comments?post=6013"}],"version-history":[{"count":0,"href":"https:\/\/vocesdebaires.com.ar\/index.php\/wp-json\/wp\/v2\/posts\/6013\/revisions"}],"wp:attachment":[{"href":"https:\/\/vocesdebaires.com.ar\/index.php\/wp-json\/wp\/v2\/media?parent=6013"}],"wp:term":[{"taxonomy":"category","embeddable":true,"href":"https:\/\/vocesdebaires.com.ar\/index.php\/wp-json\/wp\/v2\/categories?post=6013"},{"taxonomy":"post_tag","embeddable":true,"href":"https:\/\/vocesdebaires.com.ar\/index.php\/wp-json\/wp\/v2\/tags?post=6013"}],"curies":[{"name":"wp","href":"https:\/\/api.w.org\/{rel}","templated":true}]}}