{"id":6015,"date":"2019-05-27T03:00:00","date_gmt":"2019-05-27T06:00:00","guid":{"rendered":"http:\/\/vocesdebaires.com.ar\/wordpress\/index.php\/2019\/05\/27\/rechazan-amparo-aspirante-a-guardavidas\/"},"modified":"2019-05-27T03:00:00","modified_gmt":"2019-05-27T06:00:00","slug":"rechazan-amparo-aspirante-a-guardavidas","status":"publish","type":"post","link":"https:\/\/vocesdebaires.com.ar\/index.php\/2019\/05\/27\/rechazan-amparo-aspirante-a-guardavidas\/","title":{"rendered":"Rechazan amparo aspirante a guardavidas"},"content":{"rendered":"<p>El titular del juzgado N\u00ba 5 en lo Contencioso Administrativo y Tributario, Mart\u00edn Converset, rechaz\u00f3 la acci\u00f3n de amparo interpuesta por un demandante a fin de que el Gobierno de la Ciudad de Buenos Aires garantice su inscripci\u00f3n en el Registro P\u00fablico de Guardavidas de la Ciudad de Buenos Aires y le provea la libreta de guardavidas, lo que se le ha denegado en virtud de los antecedentes penales que posee. Todo ello en el marco de la causa \u00abO.F. contra GCBA sobre Amparo-Otros\u00bb.<\/p>\n<p>El magistrado realiz\u00f3 un an\u00e1lisis acerca de la interpretaci\u00f3n de la ley 2198, en cuanto establece el requisito de poseer el certificado de no reincidencia de antecedentes penales para obtener la habilitaci\u00f3n para ejercer como guardavidas, y concluy\u00f3 que \u00abresulta incuestionable que el inciso f) del art\u00edculo 10 de la ley 2198 es resultado del poder de polic\u00eda que la Ciudad de Buenos Aires ejerce constitucionalmente\u00bb, y que la parte actora no ha demostrado en el caso concreto que exista una irracionabilidad manifiesta o una tangible afectaci\u00f3n a las garant\u00edas reconocidas en la Constituci\u00f3n nacional y local\u00bb.<\/p>\n<p>En efecto, indic\u00f3 que \u00abdel cotejo de los hechos relevantes tra\u00eddos al conocimiento del tribunal\u00bb, no se vislumbra que lo resuelto por la subsecretar\u00eda de Deportes del GCBA \u00abfuera consecuencia de un ejercicio manifiestamente ileg\u00edtimo o irrazonable de las facultades que la Constituci\u00f3n local ofrece a la Administraci\u00f3n o que, en su caso, haya obrado sin apego a la normativa vigente o fuera de su competencia legalmente establecida\u2013, circunstancia que sella la suerte de este amparo.Enti\u00e9ndase bien, teniendo en cuenta los elementos incorporados a la causa y los antecedentes aportados no aparece como irrazonable la exigencia impuesta en el inciso f) de la ley en crisis como la decisi\u00f3n adoptada por la autoridad de aplicaci\u00f3n al denegar la habilitaci\u00f3n para ser guardavidas al Sr. F. O.<\/p>\n<p>En virtud de poseer antecedentes penales y cuya pena se encuentra en suspenso; por lo que no puede considerarse que tal resoluci\u00f3n obedezca a un actuar manifiestamente arbitrario e ileg\u00edtimo por parte de la accionada\u00bb, argument\u00f3 el titular del juzgado N\u00b0 5.Resulta doctrina inveterada del Alto Tribunal de la Naci\u00f3n que la declaraci\u00f3n de inconstitucionalidad de una disposici\u00f3n legal es un acto de suma gravedad institucional y una de las m\u00e1s delicadas funciones susceptibles de encomendarse a un tribunal de justicia y, por ello, debe ser considerada como ultima ratio del orden jur\u00eddico, concluy\u00f3 Converset.<\/p>\n","protected":false},"excerpt":{"rendered":"<p>El titular del juzgado N\u00ba 5 en lo Contencioso Administrativo y Tributario, Mart\u00edn Converset, rechaz\u00f3 la acci\u00f3n de amparo interpuesta por un demandante a fin de que el Gobierno de la Ciudad de Buenos Aires garantice su inscripci\u00f3n en el Registro P\u00fablico de Guardavidas de la Ciudad de Buenos Aires y le provea la libreta [&hellip;]<\/p>\n","protected":false},"author":1,"featured_media":0,"comment_status":"open","ping_status":"open","sticky":false,"template":"","format":"standard","meta":{"_et_pb_use_builder":"","_et_pb_old_content":"","_et_gb_content_width":"","footnotes":""},"categories":[11,33],"tags":[],"class_list":["post-6015","post","type-post","status-publish","format-standard","hentry","category-ciudad","category-sociedad-y-cultura-2"],"_links":{"self":[{"href":"https:\/\/vocesdebaires.com.ar\/index.php\/wp-json\/wp\/v2\/posts\/6015"}],"collection":[{"href":"https:\/\/vocesdebaires.com.ar\/index.php\/wp-json\/wp\/v2\/posts"}],"about":[{"href":"https:\/\/vocesdebaires.com.ar\/index.php\/wp-json\/wp\/v2\/types\/post"}],"author":[{"embeddable":true,"href":"https:\/\/vocesdebaires.com.ar\/index.php\/wp-json\/wp\/v2\/users\/1"}],"replies":[{"embeddable":true,"href":"https:\/\/vocesdebaires.com.ar\/index.php\/wp-json\/wp\/v2\/comments?post=6015"}],"version-history":[{"count":0,"href":"https:\/\/vocesdebaires.com.ar\/index.php\/wp-json\/wp\/v2\/posts\/6015\/revisions"}],"wp:attachment":[{"href":"https:\/\/vocesdebaires.com.ar\/index.php\/wp-json\/wp\/v2\/media?parent=6015"}],"wp:term":[{"taxonomy":"category","embeddable":true,"href":"https:\/\/vocesdebaires.com.ar\/index.php\/wp-json\/wp\/v2\/categories?post=6015"},{"taxonomy":"post_tag","embeddable":true,"href":"https:\/\/vocesdebaires.com.ar\/index.php\/wp-json\/wp\/v2\/tags?post=6015"}],"curies":[{"name":"wp","href":"https:\/\/api.w.org\/{rel}","templated":true}]}}