{"id":6037,"date":"2019-05-23T03:00:00","date_gmt":"2019-05-23T06:00:00","guid":{"rendered":"http:\/\/vocesdebaires.com.ar\/wordpress\/index.php\/2019\/05\/23\/secuestraron-micro-proveniente-de-la-salada\/"},"modified":"2019-05-23T03:00:00","modified_gmt":"2019-05-23T06:00:00","slug":"secuestraron-micro-proveniente-de-la-salada","status":"publish","type":"post","link":"https:\/\/vocesdebaires.com.ar\/index.php\/2019\/05\/23\/secuestraron-micro-proveniente-de-la-salada\/","title":{"rendered":"Secuestraron micro proveniente de La Salada"},"content":{"rendered":"<p>Un micro de larga distancia intent\u00f3 evadir un control policial y por este motivo los polic\u00edas lo frenaron para inspeccionarlo. Al revisar el rodado, los oficiales se encontraron que hab\u00eda mas de 50 bolsones con mercader\u00eda ilegal valuada en m\u00e1s de 2 millones de pesos que quer\u00edan transportar desde La Salada hasta la provincia de Formosa.Personal de la Divisi\u00f3n Sumarios y Brigadas de Prevenci\u00f3n de la Comisar\u00eda Comunal 6 de la Polic\u00eda de la Ciudad se encontraba realizando un control vehicular de rutina en el barrio de Caballito, cuando observ\u00f3 como un colectivo de larga distancia que circulaba por la avenida Avellaneda al 1500, realiz\u00f3 una extra\u00f1a maniobra para eludirlos.<\/p>\n<p>Ante esta situaci\u00f3n los oficiales de la fuerza policial porte\u00f1a, frenaron el veh\u00edculo y le solicitaron a su conductor la documentaci\u00f3n y la lista de pasajeros. Al realizar el chequeo, el mismo mostr\u00f3 importantes discrepancias, a su vez los polic\u00edas pudieron corroborar que se dirig\u00edan desde la feria de La Salada hacia la provincia de Formosa. Al ingresar al veh\u00edculo, la Polic\u00eda de la Ciudad observ\u00f3 gran cantidad de bolsones de mercader\u00eda en los asientos en lugar de estar en la bodega y al preguntar, ninguno de los pasajeros se mencionaba a si mismo como propietario.<\/p>\n<p>Con la presencia de dos testigos, los agentes inspeccionaron las bolsas y encontraron prendas de vestir y calzados ap\u00f3crifos, mientras que al requisar la baulera del micro, hallaron escondidos otros 50 bultos con prendas similares. En total se encontraron mas de 1200 art\u00edculos ap\u00f3crifos, entre ropa deportiva de variadas marcas, calzado y remeras de f\u00fatbol. El Juzgado Nacional en lo Criminal y Correccional Federal N\u00b0 12 a cargo del Dr. Sergio Gabriel Torres dispuso el secuestro de toda la mercader\u00eda ilegal y la liberaci\u00f3n en el lugar de la encargada del tour de compras, el chofer y los 9 pasajeros, quedando la causa caratulada como &quot;Infracci\u00f3n a la Ley 22.362 de Marcas y Designaciones&quot;.<\/p>\n","protected":false},"excerpt":{"rendered":"<p>Un micro de larga distancia intent\u00f3 evadir un control policial y por este motivo los polic\u00edas lo frenaron para inspeccionarlo. Al revisar el rodado, los oficiales se encontraron que hab\u00eda mas de 50 bolsones con mercader\u00eda ilegal valuada en m\u00e1s de 2 millones de pesos que quer\u00edan transportar desde La Salada hasta la provincia de [&hellip;]<\/p>\n","protected":false},"author":1,"featured_media":6038,"comment_status":"open","ping_status":"open","sticky":false,"template":"","format":"standard","meta":{"_et_pb_use_builder":"","_et_pb_old_content":"","_et_gb_content_width":"","footnotes":""},"categories":[11,32],"tags":[],"class_list":["post-6037","post","type-post","status-publish","format-standard","has-post-thumbnail","hentry","category-ciudad","category-comunas"],"_links":{"self":[{"href":"https:\/\/vocesdebaires.com.ar\/index.php\/wp-json\/wp\/v2\/posts\/6037"}],"collection":[{"href":"https:\/\/vocesdebaires.com.ar\/index.php\/wp-json\/wp\/v2\/posts"}],"about":[{"href":"https:\/\/vocesdebaires.com.ar\/index.php\/wp-json\/wp\/v2\/types\/post"}],"author":[{"embeddable":true,"href":"https:\/\/vocesdebaires.com.ar\/index.php\/wp-json\/wp\/v2\/users\/1"}],"replies":[{"embeddable":true,"href":"https:\/\/vocesdebaires.com.ar\/index.php\/wp-json\/wp\/v2\/comments?post=6037"}],"version-history":[{"count":0,"href":"https:\/\/vocesdebaires.com.ar\/index.php\/wp-json\/wp\/v2\/posts\/6037\/revisions"}],"wp:featuredmedia":[{"embeddable":true,"href":"https:\/\/vocesdebaires.com.ar\/index.php\/wp-json\/wp\/v2\/media\/6038"}],"wp:attachment":[{"href":"https:\/\/vocesdebaires.com.ar\/index.php\/wp-json\/wp\/v2\/media?parent=6037"}],"wp:term":[{"taxonomy":"category","embeddable":true,"href":"https:\/\/vocesdebaires.com.ar\/index.php\/wp-json\/wp\/v2\/categories?post=6037"},{"taxonomy":"post_tag","embeddable":true,"href":"https:\/\/vocesdebaires.com.ar\/index.php\/wp-json\/wp\/v2\/tags?post=6037"}],"curies":[{"name":"wp","href":"https:\/\/api.w.org\/{rel}","templated":true}]}}