{"id":6045,"date":"2019-05-23T03:00:00","date_gmt":"2019-05-23T06:00:00","guid":{"rendered":"http:\/\/vocesdebaires.com.ar\/wordpress\/index.php\/2019\/05\/23\/reunion-de-dirigentes-de-u-c-de-caba\/"},"modified":"2019-05-23T03:00:00","modified_gmt":"2019-05-23T06:00:00","slug":"reunion-de-dirigentes-de-u-c-de-caba","status":"publish","type":"post","link":"https:\/\/vocesdebaires.com.ar\/index.php\/2019\/05\/23\/reunion-de-dirigentes-de-u-c-de-caba\/","title":{"rendered":"Reuni\u00f3n: De dirigentes de U-C de CABA"},"content":{"rendered":"<p>&quot;Despu\u00e9s del anuncio de la f\u00f3rmula nos planteamos c\u00f3mo seguir construyendo el frente opositor en la Ciudad, con la amplitud y la fuerza necesaria para derrotar al macrismo. Estamos dispuestos a confluir en una gran fuerza con todos los espacios que rechacen las pol\u00edticas de ajuste&quot;, se\u00f1alaron los presentes luego del encuentro y agregaron: &quot;Estamos convencidos de que en unidad podemos ganarles. Tenemos que dejar atr\u00e1s las viejas diferencias y poner la mirada en el futuro para construir la Ciudad y el pa\u00eds que nos merecemos&quot;.<\/p>\n<p>Estuvo presente el presidente del bloque de Unidad Ciudadana Mariano Recalde; los legisladores porte\u00f1os Carlos Tomada, Paula Penacca, Javier Andrade, Lorena Pokoik, Leandro Santoro y Victoria Montenegro; el diputado nacional del FpV &#8211; PJ Daniel Filmus; la presidenta de la Auditor\u00eda General de la Ciudad, Cecilia Segura; los dirigentes pol\u00edticos Delfina Rossi, Carlos Heller, Claudio Morresi, Graciana Pe\u00f1afort, Alicia Castro, Roberto Feletti, Mara Brawer, Delia Bisutti (NE), Dami\u00e1n Rilo (Irrompibles), Magui Tiesso (PM), Gustavo Lopez (FORJA), entre otros; los dirigentes sindicales Roberto Bonetti (UOM), Alejandra L\u00f3pez (SADOP) y Laura Sotelo (ATE Capital); periodistas y referentes de la cultura como Hern\u00e1n Brienza, Carolina y Osvaldo Papaleo y Eduardo Jozami; y representantes de clubes de barrio y diversas organizaciones sociales.<\/p>\n","protected":false},"excerpt":{"rendered":"<p>&quot;Despu\u00e9s del anuncio de la f\u00f3rmula nos planteamos c\u00f3mo seguir construyendo el frente opositor en la Ciudad, con la amplitud y la fuerza necesaria para derrotar al macrismo. Estamos dispuestos a confluir en una gran fuerza con todos los espacios que rechacen las pol\u00edticas de ajuste&quot;, se\u00f1alaron los presentes luego del encuentro y agregaron: &quot;Estamos [&hellip;]<\/p>\n","protected":false},"author":1,"featured_media":6046,"comment_status":"open","ping_status":"open","sticky":false,"template":"","format":"standard","meta":{"_et_pb_use_builder":"","_et_pb_old_content":"","_et_gb_content_width":"","footnotes":""},"categories":[11,33],"tags":[],"class_list":["post-6045","post","type-post","status-publish","format-standard","has-post-thumbnail","hentry","category-ciudad","category-sociedad-y-cultura-2"],"_links":{"self":[{"href":"https:\/\/vocesdebaires.com.ar\/index.php\/wp-json\/wp\/v2\/posts\/6045"}],"collection":[{"href":"https:\/\/vocesdebaires.com.ar\/index.php\/wp-json\/wp\/v2\/posts"}],"about":[{"href":"https:\/\/vocesdebaires.com.ar\/index.php\/wp-json\/wp\/v2\/types\/post"}],"author":[{"embeddable":true,"href":"https:\/\/vocesdebaires.com.ar\/index.php\/wp-json\/wp\/v2\/users\/1"}],"replies":[{"embeddable":true,"href":"https:\/\/vocesdebaires.com.ar\/index.php\/wp-json\/wp\/v2\/comments?post=6045"}],"version-history":[{"count":0,"href":"https:\/\/vocesdebaires.com.ar\/index.php\/wp-json\/wp\/v2\/posts\/6045\/revisions"}],"wp:featuredmedia":[{"embeddable":true,"href":"https:\/\/vocesdebaires.com.ar\/index.php\/wp-json\/wp\/v2\/media\/6046"}],"wp:attachment":[{"href":"https:\/\/vocesdebaires.com.ar\/index.php\/wp-json\/wp\/v2\/media?parent=6045"}],"wp:term":[{"taxonomy":"category","embeddable":true,"href":"https:\/\/vocesdebaires.com.ar\/index.php\/wp-json\/wp\/v2\/categories?post=6045"},{"taxonomy":"post_tag","embeddable":true,"href":"https:\/\/vocesdebaires.com.ar\/index.php\/wp-json\/wp\/v2\/tags?post=6045"}],"curies":[{"name":"wp","href":"https:\/\/api.w.org\/{rel}","templated":true}]}}