{"id":6082,"date":"2019-10-30T03:00:00","date_gmt":"2019-10-30T06:00:00","guid":{"rendered":"http:\/\/vocesdebaires.com.ar\/wordpress\/index.php\/2019\/10\/30\/devolvieron-a-duenos-taller-de-luis-viale\/"},"modified":"2019-10-30T03:00:00","modified_gmt":"2019-10-30T06:00:00","slug":"devolvieron-a-duenos-taller-de-luis-viale","status":"publish","type":"post","link":"https:\/\/vocesdebaires.com.ar\/index.php\/2019\/10\/30\/devolvieron-a-duenos-taller-de-luis-viale\/","title":{"rendered":"Devolvieron a  due\u00f1os  taller de Luis Viale"},"content":{"rendered":"<p>La justicia porte\u00f1a devolvi\u00f3 a Daniel Alberto Fischberg y Jaime Geiler la posesi\u00f3n del inmueble de Luis Viale 1296, donde funcionaba el taller textil clandestino que se incendi\u00f3 en 2006, en el que murieron una joven de 25 a\u00f1os embarazada, dos adolescentes y tres ni\u00f1os. La resoluci\u00f3n despert\u00f3 la indignaci\u00f3n de sobrevivientes y organizaciones que acompa\u00f1aron el largo proceso judicial, en el que s\u00f3lo fueron condenados los capataces del taller por los delitos de reducci\u00f3n a servidumbre en concurso con estrago culposo seguido de muerte. Juan V\u00e1squez, del colectivo Simbiosis Cultural, que surgi\u00f3 despu\u00e9s del incendio, e integrante de la cooperativa textil Juana Vilca (en homenaje a la joven fallecida) dijo que lo primero que queremos es ver condenadas a estas personas contra las que la justicia se neg\u00f3 a avanzar a pesar de los testimonios.<\/p>\n<p>Y segundo, que (el espacio) se convierta en un lugar de formaci\u00f3n y memoria para que no vuelva a ocurrir. Con esos objetivos como horizonte, los sobrevivientes junto a organizaciones sociales y de derechos humanos realizar\u00e1n una asamblea abierta este mi\u00e9rcoles a las 17.30, en avenida Directorio 3909, Parque Avellaneda, para evaluar un plan de lucha. El mandato judicial dispuso entregar a los due\u00f1os en car\u00e1cter definitivo el inmueble de la calle Luis Viale 1269\/1271, y la totalidad de las m\u00e1quinas, mercader\u00eda y dem\u00e1s efectos muebles que a\u00fan quedan en el interior del taller emplazado en ese domicilio en car\u00e1cter de depositario judicial. Como paso previo a la entrega, orden\u00f3 que la Polic\u00eda de la Ciudad con jurisdicci\u00f3n en ese domicilio realice un inventario completo de los elementos que permanecen en el interior de la vivienda.<\/p>\n<p>Sin embargo, cuando en junio de 2016, el Tribunal Oral Criminal (TOC) N\u00b0 5 conden\u00f3 a los encargados del taller, Juan Manuel Correa y Luis Sillerico, a 13 a\u00f1os de prisi\u00f3n por reducci\u00f3n a la servidumbre y estrago culposo, es decir sin intenci\u00f3n, tambi\u00e9n orden\u00f3 investigar a los titulares del inmueble. En el fallo, el tribunal integrado por los jueces Rafael Oliden, F\u00e1tima Ruiz L\u00f3pez y Adri\u00e1n P\u00e9rez Lance dispuso devolver el expediente al juzgado de Ba\u00f1os y el decomiso de la maquinaria, mercader\u00eda y dem\u00e1s efectos muebles. El tribunal oral hab\u00eda ordenado investigar a los due\u00f1os despu\u00e9s de la sentencia contra quienes dirig\u00edan el emprendimiento, porque en el juicio aparecieron nombrados. Los testimonios hablaban de que conoc\u00edan la actividad que se llevaba adentro del taller.<\/p>\n<p>Los vecinos los conoc\u00edan y era imposible que desconocieran la situaci\u00f3n de irregularidad de quienes viv\u00edan ah\u00ed, porque hab\u00eda sido habilitado por los due\u00f1os para cinco m\u00e1quinas y les estaban vendiendo una producci\u00f3n que no pod\u00eda reflejar el trabajo de cinco personas, detall\u00f3 Chamorro, quien se\u00f1al\u00f3 que hubo argucias legales como la cesi\u00f3n a favor de los hijos, que los beneficiaron En 2016, en la lectura de la sentencia que conden\u00f3 a los capataces, estuvo presente el presidente de la C\u00e1mara de Senadores de Bolivia y ex c\u00f3nsul de ese pa\u00eds en Argentina, Jos\u00e9 Alberto Gonz\u00e1les Samaniego, quien advirti\u00f3 en aquel entonces que la sentencia serv\u00eda, entre otras cosas, como un mensaje para aquellos que traen enga\u00f1ados a personas desde Bolivia, para que sepan que tambi\u00e9n pueden quedar presos. El funcionario tambi\u00e9n asegur\u00f3 que para el Estado Plurinacional de Bolivia, el juicio no fue el objetivo final sino s\u00f3lo una etapa del proceso de justicia, en el que persist\u00eda la necesidad de seguir hasta los due\u00f1os de las marcas\u201d.<\/p>\n<p>Tres a\u00f1os despu\u00e9s, el colectivo Simbiosis Cultural, que particip\u00f3 activamente del reclamo de justicia para las v\u00edctimas del incendio, y se mantiene en\u00e9rgico en el pedido de justicia, repudi\u00f3 a trav\u00e9s de un comunicado la decisi\u00f3n judicial de entregar legalmente las llaves del inmueble y de todo lo que se encuentra dentro de este taller\u00bb. \u00abVolvimos a enterarnos, que la justicia fall\u00f3 a favor de los principales responsables de las muertes del taller textil donde perdieron la vida 6 personas: Juana Villca Quispe, Wilfredo Quispe Mendoza, costurero (15 a\u00f1os), El\u00edas Carbajal Quispe (10 a\u00f1os), Rodrigo Quispe Carbajal (4 a\u00f1os), Luis Quispe (4 a\u00f1os) y Harry Rodr\u00edguez Palma (3 a\u00f1os), afirmaron, y advirtieron que los responsables de las 6 muertes siguen trabajando con sus marcas y el hecho que les devuelvan el inmueble, abre la posibilidad de que se siga explotando gente en ese lugar.<\/p>\n","protected":false},"excerpt":{"rendered":"<p>La justicia porte\u00f1a devolvi\u00f3 a Daniel Alberto Fischberg y Jaime Geiler la posesi\u00f3n del inmueble de Luis Viale 1296, donde funcionaba el taller textil clandestino que se incendi\u00f3 en 2006, en el que murieron una joven de 25 a\u00f1os embarazada, dos adolescentes y tres ni\u00f1os. La resoluci\u00f3n despert\u00f3 la indignaci\u00f3n de sobrevivientes y organizaciones que [&hellip;]<\/p>\n","protected":false},"author":1,"featured_media":6083,"comment_status":"open","ping_status":"open","sticky":false,"template":"","format":"standard","meta":{"_et_pb_use_builder":"","_et_pb_old_content":"","_et_gb_content_width":"","footnotes":""},"categories":[11,32],"tags":[],"class_list":["post-6082","post","type-post","status-publish","format-standard","has-post-thumbnail","hentry","category-ciudad","category-comunas"],"_links":{"self":[{"href":"https:\/\/vocesdebaires.com.ar\/index.php\/wp-json\/wp\/v2\/posts\/6082"}],"collection":[{"href":"https:\/\/vocesdebaires.com.ar\/index.php\/wp-json\/wp\/v2\/posts"}],"about":[{"href":"https:\/\/vocesdebaires.com.ar\/index.php\/wp-json\/wp\/v2\/types\/post"}],"author":[{"embeddable":true,"href":"https:\/\/vocesdebaires.com.ar\/index.php\/wp-json\/wp\/v2\/users\/1"}],"replies":[{"embeddable":true,"href":"https:\/\/vocesdebaires.com.ar\/index.php\/wp-json\/wp\/v2\/comments?post=6082"}],"version-history":[{"count":0,"href":"https:\/\/vocesdebaires.com.ar\/index.php\/wp-json\/wp\/v2\/posts\/6082\/revisions"}],"wp:featuredmedia":[{"embeddable":true,"href":"https:\/\/vocesdebaires.com.ar\/index.php\/wp-json\/wp\/v2\/media\/6083"}],"wp:attachment":[{"href":"https:\/\/vocesdebaires.com.ar\/index.php\/wp-json\/wp\/v2\/media?parent=6082"}],"wp:term":[{"taxonomy":"category","embeddable":true,"href":"https:\/\/vocesdebaires.com.ar\/index.php\/wp-json\/wp\/v2\/categories?post=6082"},{"taxonomy":"post_tag","embeddable":true,"href":"https:\/\/vocesdebaires.com.ar\/index.php\/wp-json\/wp\/v2\/tags?post=6082"}],"curies":[{"name":"wp","href":"https:\/\/api.w.org\/{rel}","templated":true}]}}