{"id":6084,"date":"2019-10-30T03:00:00","date_gmt":"2019-10-30T06:00:00","guid":{"rendered":"http:\/\/vocesdebaires.com.ar\/wordpress\/index.php\/2019\/10\/30\/palermo-quemacoches-incendiaron-una-camioneta\/"},"modified":"2019-10-30T03:00:00","modified_gmt":"2019-10-30T06:00:00","slug":"palermo-quemacoches-incendiaron-una-camioneta","status":"publish","type":"post","link":"https:\/\/vocesdebaires.com.ar\/index.php\/2019\/10\/30\/palermo-quemacoches-incendiaron-una-camioneta\/","title":{"rendered":"Palermo: Quemacoches incendiaron una camioneta"},"content":{"rendered":"<p>Poco antes de las tres de la ma\u00f1ana del martes los vecinos de Palermo Soho se atemorizaron al o\u00edr las explosiones que produc\u00eda una camioneta estacionada en la calle Malabia al 1200 que se incendiaba sin control. De inmediato, personal policial de la Comisar\u00eda Vecinal 14A de la Polic\u00eda de la Ciudad se hizo presente para investigar lo que podr\u00eda ser otro ataque de \u201cquemacoches\u201d y encontr\u00f3 una Chevrolet Meriva en llamas junto a una botella de un litro y medio con una sustancia inflamable de color azul dentro.<\/p>\n<p>Una autobomba de la Estaci\u00f3n VI de Bomberos de la Ciudad se dirigi\u00f3 al lugar y el incendio fue r\u00e1pidamente controlado. La causa qued\u00f3 en manos del fiscal Mauro Terezko, titular de la Fiscal\u00eda Penal, Contravencional y de Faltas N\u00b04 de la Ciudad, que dispuso el an\u00e1lisis de las c\u00e1maras de seguridad ubicadas en la intersecci\u00f3n de las calles Malabia y Niceto Vega para investigar c\u00f3mo se produjo el incendio. Una gr\u00faa se dirigi\u00f3 luego al lugar para retirar el veh\u00edculo.<\/p>\n<p>La semana pasada fue detenido en el barrio porte\u00f1o de Monte Castro, \u201cFosforito\u201d, un joven de 28 a\u00f1os acusado de prender fuego al menos cuatro autos en Villa Devoto, a menos de 20 cuadras de su casa, con una larga lista de antecedentes por otros incendios y estragos. El joven se adjudic\u00f3 sin forma espont\u00e1nea la autor\u00eda de los tres incendios y refiri\u00f3 poseer registros f\u00edlmicos de los mismos en su tel\u00e9fono celular, donde efectivamente se comprob\u00f3 que ten\u00eda videos de todos sus ataques. La Fiscal\u00eda N\u00b022 orden\u00f3 examinar a \u201cFosforito\u201d por peritos psiqui\u00e1tricos tanto del Ministerio P\u00fablico de la Ciudad y finalmente fue declarado inimputable y derivado a un hospital porte\u00f1o.<\/p>\n","protected":false},"excerpt":{"rendered":"<p>Poco antes de las tres de la ma\u00f1ana del martes los vecinos de Palermo Soho se atemorizaron al o\u00edr las explosiones que produc\u00eda una camioneta estacionada en la calle Malabia al 1200 que se incendiaba sin control. De inmediato, personal policial de la Comisar\u00eda Vecinal 14A de la Polic\u00eda de la Ciudad se hizo presente [&hellip;]<\/p>\n","protected":false},"author":1,"featured_media":6085,"comment_status":"open","ping_status":"open","sticky":false,"template":"","format":"standard","meta":{"_et_pb_use_builder":"","_et_pb_old_content":"","_et_gb_content_width":"","footnotes":""},"categories":[11,32],"tags":[],"class_list":["post-6084","post","type-post","status-publish","format-standard","has-post-thumbnail","hentry","category-ciudad","category-comunas"],"_links":{"self":[{"href":"https:\/\/vocesdebaires.com.ar\/index.php\/wp-json\/wp\/v2\/posts\/6084"}],"collection":[{"href":"https:\/\/vocesdebaires.com.ar\/index.php\/wp-json\/wp\/v2\/posts"}],"about":[{"href":"https:\/\/vocesdebaires.com.ar\/index.php\/wp-json\/wp\/v2\/types\/post"}],"author":[{"embeddable":true,"href":"https:\/\/vocesdebaires.com.ar\/index.php\/wp-json\/wp\/v2\/users\/1"}],"replies":[{"embeddable":true,"href":"https:\/\/vocesdebaires.com.ar\/index.php\/wp-json\/wp\/v2\/comments?post=6084"}],"version-history":[{"count":0,"href":"https:\/\/vocesdebaires.com.ar\/index.php\/wp-json\/wp\/v2\/posts\/6084\/revisions"}],"wp:featuredmedia":[{"embeddable":true,"href":"https:\/\/vocesdebaires.com.ar\/index.php\/wp-json\/wp\/v2\/media\/6085"}],"wp:attachment":[{"href":"https:\/\/vocesdebaires.com.ar\/index.php\/wp-json\/wp\/v2\/media?parent=6084"}],"wp:term":[{"taxonomy":"category","embeddable":true,"href":"https:\/\/vocesdebaires.com.ar\/index.php\/wp-json\/wp\/v2\/categories?post=6084"},{"taxonomy":"post_tag","embeddable":true,"href":"https:\/\/vocesdebaires.com.ar\/index.php\/wp-json\/wp\/v2\/tags?post=6084"}],"curies":[{"name":"wp","href":"https:\/\/api.w.org\/{rel}","templated":true}]}}