{"id":609,"date":"2020-01-17T03:00:00","date_gmt":"2020-01-17T06:00:00","guid":{"rendered":"http:\/\/vocesdebaires.com.ar\/wordpress\/index.php\/2020\/01\/17\/barrio-31circulan-dos-lineas-de-colectivos\/"},"modified":"2020-01-17T03:00:00","modified_gmt":"2020-01-17T06:00:00","slug":"barrio-31circulan-dos-lineas-de-colectivos","status":"publish","type":"post","link":"https:\/\/vocesdebaires.com.ar\/index.php\/2020\/01\/17\/barrio-31circulan-dos-lineas-de-colectivos\/","title":{"rendered":"Barrio 31:Circulan dos l\u00edneas de colectivos"},"content":{"rendered":"<p>En el marco de la urbanizaci\u00f3n del Barrio 31, a partir de este jueves 16 de enero y por primera vez, dos l\u00edneas de colectivo -las l\u00edneas 33 y 45- se integrar\u00e1n al barrio, garantizando as\u00ed el acceso al transporte p\u00fablico a los vecinos y a quienes llegan al lugar. El plan es extender el recorrido de las l\u00edneas 132 y 143 para que tambi\u00e9n ingresen a la zona.<\/p>\n<p>L\u00ednea 33: Ciudad Universitaria\/Remedios de Escalada.<br \/>L\u00ednea 45: Ciudad Universitaria\/Remedios de Escalada.<br \/>Para garantizar el ingreso de los colectivos se realizaron readecuaciones y aperturas de calles, que conectan Carlos Perette con el nuevo Ministerio de Educaci\u00f3n de la Ciudad. Tambi\u00e9n fue necesario modificar la geometr\u00eda de algunas v\u00edas (por el momento Eje G, Eje H y Eje I) que previamente resultaban muy angostas para la circulaci\u00f3n de colectivos.<\/p>\n<p>En su trayecto previo, las l\u00edneas 33 y 45 circulaban por av. Ram\u00f3n Castillo y no ingresaban al Barrio 31. A partir de este jueves las unidades girar\u00e1n por Prefectura Naval Argentina y se integrar\u00e1n a las nuevas vialidades del barrio, saliendo nuevamente por av. Ram\u00f3n Castillo. Durante los primeros d\u00edas un equipo de Agentes de Tr\u00e1nsito acompa\u00f1ar\u00e1 la implementaci\u00f3n de los nuevos recorridos.<br \/>La bici en el Barrio 31<br \/>La Red de Ciclov\u00edas y Bicisendas y el sistema Ecobici tambi\u00e9n debutaron en el Barrio 31 en los \u00faltimos meses. La estaci\u00f3n Ecobici es Carlos H. Perette 11.<\/p>\n<p>Red de ciclov\u00edas en Barrio 31<br \/>Carlos Perette entre Calle 10 y Rodolfo Walsh &#8211; 360 metros<br \/>Rodolfo Walsh entre Carlos Perette y av. Ramos Mej\u00eda &#8211; 820 metros<br \/>Extensi\u00f3n total: 1180 mts<br \/>Detalle de recorridos de los colectivos (anteriormente no ingresaban al barrio por Prefectura Naval Argentina):<\/p>\n<p>L\u00ednea N\u00ba 33<\/p>\n<p>Recorrido A (por Barracas y General Madariaga) y recorrido B (por Barracas y Cementerio de Avellaneda)<br \/>&#8211; Ida a avenida Donato \u00c1lvarez y Bynon: sin modificaciones.<br \/>&#8211; Regreso a Ciudad Universitaria: su ruta, avenida Doctor Jos\u00e9 Mar\u00eda Ramos Mej\u00eda, avenida Ant\u00e1rtida Argentina, avenida De Los Inmigrantes, avenida Presidente Ram\u00f3n S. Castillo, Prefectura Naval Argentina, Carlos Perette, Eje transversal I, Eje Longitudinal N, Eje Transversal G, avenida Presidente Ram\u00f3n S. Castillo, Calle n\u00ba 12, avenida Costanera Rafael Obligado, su ruta.<\/p>\n<p>Recorrido C (por Dock Sud y General Madariaga) y recorrido D (por Dock Sud y Cementerio de Avellaneda)<br \/>Ida a Monte Chingolo: sin modificaciones.<br \/>Regreso a Ciudad Universitaria: su ruta, avenida Doctor Jos\u00e9 Mar\u00eda Ramos Mej\u00eda, avenida Ant\u00e1rtida Argentina, avenida De Los Inmigrantes, avenida Presidente Ram\u00f3n S. Castillo, Prefectura Naval Argentina, Carlos Perette, Eje Transversal I, Eje Longitudinal N, Eje Transversal G, avenida Presidente Ram\u00f3n S. Castillo, Calle n\u00ba 12, avenida Costanera Rafael Obligado, su ruta.<\/p>\n<p>L\u00ednea N\u00ba 45<br \/>Recorrido A (Ciudad Universitaria \u2013 Remedios de Escalada):<br \/>Ida a Remedios de Escalada: sin modificaciones.<br \/>Regreso a Ciudad Universitaria: su ruta, avenida Doctor Jos\u00e9 Mar\u00eda Ramos Mej\u00eda, avenida Ant\u00e1rtida Argentina, avenida Comodoro Py, avenida Presidente Ram\u00f3n S. Castillo, Prefectura Naval Argentina, Carlos Perette, Eje Transversal I, Eje Longitudinal N, Eje Transversal G, avenida Presidente Ram\u00f3n S. Castillo, Calle n\u00ba 12, avenida Costanera Rafael Obligado, su ruta.<\/p>\n<p>Recorrido C (Ciudad Universitaria \u2013 Plaza Constituci\u00f3n):<br \/>Ida a Plaza Constituci\u00f3n: sin modificaciones.<br \/>Regreso a Ciudad Universitaria: su ruta, avenida Doctor Jos\u00e9 Mar\u00eda Ramos Mej\u00eda, avenida Ant\u00e1rtida Argentina, avenida Comodoro Py, avenida Presidente Ram\u00f3n S. Castillo, Prefectura Naval Argentina, Carlos Perette, Eje Transversal I, Eje Longitudinal N, Eje Transversal G, avenida Presidente Ram\u00f3n S. Castillo, Calle n\u00ba 12, avenida Costanera Rafael Obligado, su ruta.<\/p>\n<p>Recorrido D (Retiro \u2013 Ciudad Universitaria):<br \/>Ida a estaci\u00f3n Retiro: sin modificaciones.<br \/>Regreso a Ciudad Universitaria: desde San Mart\u00edn y Gilardo Gilardi por San Mart\u00edn, Gilardo Gilardi, avenida Doctor Jos\u00e9 Mar\u00eda Ramos Mej\u00eda, avenida Ant\u00e1rtida Argentina, avenida Comodoro Py, avenida Presidente Ram\u00f3n S. Castillo, Prefectura Naval Argentina, Carlos Perette, Eje Transversal I, Eje Longitudinal N, Eje Transversal G, avenida Presidente Ram\u00f3n S. Castillo, Calle n\u00ba 12, avenida Costanera Rafael Obligado, su ruta.<\/p>\n","protected":false},"excerpt":{"rendered":"<p>En el marco de la urbanizaci\u00f3n del Barrio 31, a partir de este jueves 16 de enero y por primera vez, dos l\u00edneas de colectivo -las l\u00edneas 33 y 45- se integrar\u00e1n al barrio, garantizando as\u00ed el acceso al transporte p\u00fablico a los vecinos y a quienes llegan al lugar. El plan es extender el [&hellip;]<\/p>\n","protected":false},"author":1,"featured_media":610,"comment_status":"open","ping_status":"open","sticky":false,"template":"","format":"standard","meta":{"_et_pb_use_builder":"","_et_pb_old_content":"","_et_gb_content_width":"","footnotes":""},"categories":[11,32],"tags":[],"class_list":["post-609","post","type-post","status-publish","format-standard","has-post-thumbnail","hentry","category-ciudad","category-comunas"],"_links":{"self":[{"href":"https:\/\/vocesdebaires.com.ar\/index.php\/wp-json\/wp\/v2\/posts\/609"}],"collection":[{"href":"https:\/\/vocesdebaires.com.ar\/index.php\/wp-json\/wp\/v2\/posts"}],"about":[{"href":"https:\/\/vocesdebaires.com.ar\/index.php\/wp-json\/wp\/v2\/types\/post"}],"author":[{"embeddable":true,"href":"https:\/\/vocesdebaires.com.ar\/index.php\/wp-json\/wp\/v2\/users\/1"}],"replies":[{"embeddable":true,"href":"https:\/\/vocesdebaires.com.ar\/index.php\/wp-json\/wp\/v2\/comments?post=609"}],"version-history":[{"count":0,"href":"https:\/\/vocesdebaires.com.ar\/index.php\/wp-json\/wp\/v2\/posts\/609\/revisions"}],"wp:featuredmedia":[{"embeddable":true,"href":"https:\/\/vocesdebaires.com.ar\/index.php\/wp-json\/wp\/v2\/media\/610"}],"wp:attachment":[{"href":"https:\/\/vocesdebaires.com.ar\/index.php\/wp-json\/wp\/v2\/media?parent=609"}],"wp:term":[{"taxonomy":"category","embeddable":true,"href":"https:\/\/vocesdebaires.com.ar\/index.php\/wp-json\/wp\/v2\/categories?post=609"},{"taxonomy":"post_tag","embeddable":true,"href":"https:\/\/vocesdebaires.com.ar\/index.php\/wp-json\/wp\/v2\/tags?post=609"}],"curies":[{"name":"wp","href":"https:\/\/api.w.org\/{rel}","templated":true}]}}