{"id":6094,"date":"2019-10-29T03:00:00","date_gmt":"2019-10-29T06:00:00","guid":{"rendered":"http:\/\/vocesdebaires.com.ar\/wordpress\/index.php\/2019\/10\/29\/villa-31intentaron-usurpar-viviendas-nuevas\/"},"modified":"2019-10-29T03:00:00","modified_gmt":"2019-10-29T06:00:00","slug":"villa-31intentaron-usurpar-viviendas-nuevas","status":"publish","type":"post","link":"https:\/\/vocesdebaires.com.ar\/index.php\/2019\/10\/29\/villa-31intentaron-usurpar-viviendas-nuevas\/","title":{"rendered":"Villa 31:Intentaron usurpar viviendas nuevas"},"content":{"rendered":"<p>A pocas horas del cierre de los comicios del pasado domingo y cuando el foco estaba puesto en los resultados de la elecci\u00f3n, un grupo de unas 150 personas intent\u00f3 tomar algunas de las viviendas a\u00fan deshabitadas del sector de la Villa 31 conocido como Barrio YPF. Se trata de un complejo de 26 edificios levantados junto a la autopista Illia que construye el Gobierno de la Ciudad para mudar all\u00ed a vecinos de la zona que viven condiciones de preocupante precariedad sobre todo en casas ubicadas bajo la autopista. Seg\u00fan inform\u00f3 la Polic\u00eda de la Ciudad, en el grupo hab\u00eda menores. Fueron dispersados por personal policial y del DOUCAD, la Divisi\u00f3n Operaciones Urbanas de Contenci\u00f3n de Actividades Deportivas.El intento de usurpaci\u00f3n habr\u00eda sido espont\u00e1neo, protagonizado por vecinos mismos del asentamiento. En el lugar qued\u00f3 custodia policial e interviene la Fiscal\u00eda Penal, contravenci\u00f3n y Faltas en turno <a><\/a><\/p>\n","protected":false},"excerpt":{"rendered":"<p>A pocas horas del cierre de los comicios del pasado domingo y cuando el foco estaba puesto en los resultados de la elecci\u00f3n, un grupo de unas 150 personas intent\u00f3 tomar algunas de las viviendas a\u00fan deshabitadas del sector de la Villa 31 conocido como Barrio YPF. Se trata de un complejo de 26 edificios [&hellip;]<\/p>\n","protected":false},"author":1,"featured_media":6095,"comment_status":"open","ping_status":"open","sticky":false,"template":"","format":"standard","meta":{"_et_pb_use_builder":"","_et_pb_old_content":"","_et_gb_content_width":"","footnotes":""},"categories":[11,32],"tags":[],"class_list":["post-6094","post","type-post","status-publish","format-standard","has-post-thumbnail","hentry","category-ciudad","category-comunas"],"_links":{"self":[{"href":"https:\/\/vocesdebaires.com.ar\/index.php\/wp-json\/wp\/v2\/posts\/6094"}],"collection":[{"href":"https:\/\/vocesdebaires.com.ar\/index.php\/wp-json\/wp\/v2\/posts"}],"about":[{"href":"https:\/\/vocesdebaires.com.ar\/index.php\/wp-json\/wp\/v2\/types\/post"}],"author":[{"embeddable":true,"href":"https:\/\/vocesdebaires.com.ar\/index.php\/wp-json\/wp\/v2\/users\/1"}],"replies":[{"embeddable":true,"href":"https:\/\/vocesdebaires.com.ar\/index.php\/wp-json\/wp\/v2\/comments?post=6094"}],"version-history":[{"count":0,"href":"https:\/\/vocesdebaires.com.ar\/index.php\/wp-json\/wp\/v2\/posts\/6094\/revisions"}],"wp:featuredmedia":[{"embeddable":true,"href":"https:\/\/vocesdebaires.com.ar\/index.php\/wp-json\/wp\/v2\/media\/6095"}],"wp:attachment":[{"href":"https:\/\/vocesdebaires.com.ar\/index.php\/wp-json\/wp\/v2\/media?parent=6094"}],"wp:term":[{"taxonomy":"category","embeddable":true,"href":"https:\/\/vocesdebaires.com.ar\/index.php\/wp-json\/wp\/v2\/categories?post=6094"},{"taxonomy":"post_tag","embeddable":true,"href":"https:\/\/vocesdebaires.com.ar\/index.php\/wp-json\/wp\/v2\/tags?post=6094"}],"curies":[{"name":"wp","href":"https:\/\/api.w.org\/{rel}","templated":true}]}}