{"id":6096,"date":"2019-10-29T03:00:00","date_gmt":"2019-10-29T06:00:00","guid":{"rendered":"http:\/\/vocesdebaires.com.ar\/wordpress\/index.php\/2019\/10\/29\/ciudad-asi-esta-el-antiguo-elefante-blanco\/"},"modified":"2019-10-29T03:00:00","modified_gmt":"2019-10-29T06:00:00","slug":"ciudad-asi-esta-el-antiguo-elefante-blanco","status":"publish","type":"post","link":"https:\/\/vocesdebaires.com.ar\/index.php\/2019\/10\/29\/ciudad-asi-esta-el-antiguo-elefante-blanco\/","title":{"rendered":"Ciudad: As\u00ed est\u00e1 el antiguo Elefante Blanco"},"content":{"rendered":"<p>Hace un a\u00f1o, finalizaba la demolici\u00f3n del Elefante Blanco, un edificio que, inicialmente, hab\u00eda sido pensado para convertirse en el hospital m\u00e1s grande de Am\u00e9rica Latina pero que fue abandonado en 1955 en medio de su construcci\u00f3n. El lugar y sus alrededores, que con el correr de los a\u00f1os comenzaron a ser habitados por familias, se hab\u00eda transformado en un lugar peligroso para los vecinos, ya que se hab\u00edan acumulado toneladas de basura y la construcci\u00f3n presentaba riesgos de derrumbe.Para dejar atr\u00e1s el antiguo Elefante Blanco y transformar la zona, se ide\u00f3 un proyecto para construir la nueva sede del Ministerio de Desarrollo Humano y H\u00e1bitat, un edificio de tres pisos y de 17.700 metros cuadrados, inteligente y sustentable, de cara a la avenida Piedrabuena, que llev\u00f3 casi 1.200 puestos de trabajo al sur de la Ciudad.<\/p>\n<p>Junto con la nueva edificaci\u00f3n, y en el preciso lugar en el que se encontraba el antiguo Elefante Blanco, se cre\u00f3 un nuevo parque de 12.100 metros cuadrados, que cuenta con un anfiteatro, juegos inclusivos y de agua para ni\u00f1os, sector de patinaje, cancha multideportes, postas aer\u00f3bicas y un \u00e1rea de descanso con mobiliario urbano. El dise\u00f1o se realiz\u00f3 junto con los vecinos del barrio y contempl\u00f3 nuevas veredas e iluminaci\u00f3n LED, adem\u00e1s de la puesta en valor de las calles De la Rosa, Hubac, Ca\u00f1ada de G\u00f3mez y Timoteo Gordillo. Adem\u00e1s, se inaugur\u00f3 una nueva sede del Banco Ciudad abierta para todos los vecinos.<\/p>\n","protected":false},"excerpt":{"rendered":"<p>Hace un a\u00f1o, finalizaba la demolici\u00f3n del Elefante Blanco, un edificio que, inicialmente, hab\u00eda sido pensado para convertirse en el hospital m\u00e1s grande de Am\u00e9rica Latina pero que fue abandonado en 1955 en medio de su construcci\u00f3n. El lugar y sus alrededores, que con el correr de los a\u00f1os comenzaron a ser habitados por familias, [&hellip;]<\/p>\n","protected":false},"author":1,"featured_media":6097,"comment_status":"open","ping_status":"open","sticky":false,"template":"","format":"standard","meta":{"_et_pb_use_builder":"","_et_pb_old_content":"","_et_gb_content_width":"","footnotes":""},"categories":[11,32],"tags":[],"class_list":["post-6096","post","type-post","status-publish","format-standard","has-post-thumbnail","hentry","category-ciudad","category-comunas"],"_links":{"self":[{"href":"https:\/\/vocesdebaires.com.ar\/index.php\/wp-json\/wp\/v2\/posts\/6096"}],"collection":[{"href":"https:\/\/vocesdebaires.com.ar\/index.php\/wp-json\/wp\/v2\/posts"}],"about":[{"href":"https:\/\/vocesdebaires.com.ar\/index.php\/wp-json\/wp\/v2\/types\/post"}],"author":[{"embeddable":true,"href":"https:\/\/vocesdebaires.com.ar\/index.php\/wp-json\/wp\/v2\/users\/1"}],"replies":[{"embeddable":true,"href":"https:\/\/vocesdebaires.com.ar\/index.php\/wp-json\/wp\/v2\/comments?post=6096"}],"version-history":[{"count":0,"href":"https:\/\/vocesdebaires.com.ar\/index.php\/wp-json\/wp\/v2\/posts\/6096\/revisions"}],"wp:featuredmedia":[{"embeddable":true,"href":"https:\/\/vocesdebaires.com.ar\/index.php\/wp-json\/wp\/v2\/media\/6097"}],"wp:attachment":[{"href":"https:\/\/vocesdebaires.com.ar\/index.php\/wp-json\/wp\/v2\/media?parent=6096"}],"wp:term":[{"taxonomy":"category","embeddable":true,"href":"https:\/\/vocesdebaires.com.ar\/index.php\/wp-json\/wp\/v2\/categories?post=6096"},{"taxonomy":"post_tag","embeddable":true,"href":"https:\/\/vocesdebaires.com.ar\/index.php\/wp-json\/wp\/v2\/tags?post=6096"}],"curies":[{"name":"wp","href":"https:\/\/api.w.org\/{rel}","templated":true}]}}