{"id":6098,"date":"2019-10-29T03:00:00","date_gmt":"2019-10-29T06:00:00","guid":{"rendered":"http:\/\/vocesdebaires.com.ar\/wordpress\/index.php\/2019\/10\/29\/caballito-la-policia-frustro-robo-a-cerveceria\/"},"modified":"2019-10-29T03:00:00","modified_gmt":"2019-10-29T06:00:00","slug":"caballito-la-policia-frustro-robo-a-cerveceria","status":"publish","type":"post","link":"https:\/\/vocesdebaires.com.ar\/index.php\/2019\/10\/29\/caballito-la-policia-frustro-robo-a-cerveceria\/","title":{"rendered":"Caballito: La Polic\u00eda frustr\u00f3 robo a cervecer\u00eda"},"content":{"rendered":"<p>En las \u00faltimas horas, la Polic\u00eda de la Ciudad detuvo a un hombre que intent\u00f3 robar una cervecer\u00eda que se encontraba cerrada en el barrio de Caballito. Particip\u00f3 en el hecho personal de la Comisar\u00eda Vecinal 6A que fue desplazado hasta un comercio de venta de cerveza y helados ubicado en la calle Donato \u00c1lvarez al 300, por la presencia de un ladr\u00f3n. Al llegar al lugar, los oficiales se encontraron con el blindex del local violentado y el interior totalmente revuelto, por lo que ingresaron r\u00e1pidamente y encontraron al delincuente escondido detr\u00e1s de la barra, quien fue detenido y requisado frente a testigos. Por orden de la Fiscal\u00eda Criminal y Correccional N\u00ba 47 del Dr. Solimine, el delincuente fue trasladado hasta la alcaid\u00eda de la Comisar\u00eda Comunal 6 de la Polic\u00eda de la Ciudad, imputado por &quot;tentativa de robo con flagrancia&quot;.<\/p>\n","protected":false},"excerpt":{"rendered":"<p>En las \u00faltimas horas, la Polic\u00eda de la Ciudad detuvo a un hombre que intent\u00f3 robar una cervecer\u00eda que se encontraba cerrada en el barrio de Caballito. Particip\u00f3 en el hecho personal de la Comisar\u00eda Vecinal 6A que fue desplazado hasta un comercio de venta de cerveza y helados ubicado en la calle Donato \u00c1lvarez [&hellip;]<\/p>\n","protected":false},"author":1,"featured_media":6099,"comment_status":"open","ping_status":"open","sticky":false,"template":"","format":"standard","meta":{"_et_pb_use_builder":"","_et_pb_old_content":"","_et_gb_content_width":"","footnotes":""},"categories":[11,32],"tags":[],"class_list":["post-6098","post","type-post","status-publish","format-standard","has-post-thumbnail","hentry","category-ciudad","category-comunas"],"_links":{"self":[{"href":"https:\/\/vocesdebaires.com.ar\/index.php\/wp-json\/wp\/v2\/posts\/6098"}],"collection":[{"href":"https:\/\/vocesdebaires.com.ar\/index.php\/wp-json\/wp\/v2\/posts"}],"about":[{"href":"https:\/\/vocesdebaires.com.ar\/index.php\/wp-json\/wp\/v2\/types\/post"}],"author":[{"embeddable":true,"href":"https:\/\/vocesdebaires.com.ar\/index.php\/wp-json\/wp\/v2\/users\/1"}],"replies":[{"embeddable":true,"href":"https:\/\/vocesdebaires.com.ar\/index.php\/wp-json\/wp\/v2\/comments?post=6098"}],"version-history":[{"count":0,"href":"https:\/\/vocesdebaires.com.ar\/index.php\/wp-json\/wp\/v2\/posts\/6098\/revisions"}],"wp:featuredmedia":[{"embeddable":true,"href":"https:\/\/vocesdebaires.com.ar\/index.php\/wp-json\/wp\/v2\/media\/6099"}],"wp:attachment":[{"href":"https:\/\/vocesdebaires.com.ar\/index.php\/wp-json\/wp\/v2\/media?parent=6098"}],"wp:term":[{"taxonomy":"category","embeddable":true,"href":"https:\/\/vocesdebaires.com.ar\/index.php\/wp-json\/wp\/v2\/categories?post=6098"},{"taxonomy":"post_tag","embeddable":true,"href":"https:\/\/vocesdebaires.com.ar\/index.php\/wp-json\/wp\/v2\/tags?post=6098"}],"curies":[{"name":"wp","href":"https:\/\/api.w.org\/{rel}","templated":true}]}}