{"id":6131,"date":"2019-08-30T03:31:39","date_gmt":"2019-08-30T06:31:39","guid":{"rendered":"http:\/\/vocesdebaires.com.ar\/wordpress\/index.php\/2019\/08\/30\/dia-de-las-comunas-1-de-septiembre\/"},"modified":"2019-08-30T03:31:39","modified_gmt":"2019-08-30T06:31:39","slug":"dia-de-las-comunas-1-de-septiembre","status":"publish","type":"post","link":"https:\/\/vocesdebaires.com.ar\/index.php\/2019\/08\/30\/dia-de-las-comunas-1-de-septiembre\/","title":{"rendered":"D\u00eda de las Comunas: 1 de septiembre"},"content":{"rendered":"<p>La Legislatura de la Ciudad Aut\u00f3noma de Buenos Aires adhiri\u00f3 a la conmemoraci\u00f3n del D\u00eda de las Comunas que se celebra el 1 de septiembre de cada a\u00f1o, seg\u00fan lo dispuesto por la Ley N\u00b0 5.601 sancionada en el a\u00f1o 2016, con el fin de difundir las acciones y formas de participaci\u00f3n de los vecinos para acercar el Estado a los habitantes.A partir de la autonom\u00eda establecida en el a\u00f1o 1994 por la reforma de la Constituci\u00f3n Nacional, los Constituyentes porte\u00f1os incorporaron la participaci\u00f3n ciudadana al modo de importantes ciudades del mundo como Barcelona, San Pablo y M\u00e9xico.<\/p>\n<p>La Ciudad de Buenos Aires est\u00e1 organizada en 15 Comunas que tienen injerencia en el arbolado, espacios verdes, mantenimiento de veredas, asfalto y fiscalizaci\u00f3n del uso del espacio p\u00fablico. Estas unidades de gesti\u00f3n pol\u00edtica y administrativa descentralizada poseen competencia territorial, del patrimonio de su territorio y personer\u00eda jur\u00eddica propia. Cumplen adem\u00e1s, una funci\u00f3n electoral al momento de elegir funcionarios comunales y nacionales, reemplazando a las antiguas secciones electorales. Las Comunas eval\u00faan las necesidades y demandas sociales, gestionan pol\u00edticas comunitarias y dentro de ellas se implementa tambi\u00e9n un sistema de mediaci\u00f3n comunitaria para la resoluci\u00f3n de conflictos.<\/p>\n<p>Planifican, ejecutan y controlan en forma exclusiva o concurrente con el Gobierno de la Ciudad Aut\u00f3noma de Buenos Aires sobre el mantenimiento urbano de las v\u00edas secundarias as\u00ed como de los Espacios Verdes, elaboraci\u00f3n de su programa de acci\u00f3n y anteproyecto anual, ejecuci\u00f3n y administraci\u00f3n del mismo, presentaci\u00f3n de proyectos, adem\u00e1s de llevar adelante toda acci\u00f3n que contribuya al mejoramiento de la calidad de vida de sus habitantes y el desarrollo local. Incluso, dentro de las competencias concurrentes, ya ejercen el poder de polic\u00eda a la hora de fiscalizar el uso del espacio p\u00fablico.Cada Comuna cuenta con un \u00f3rgano de Gobierno compuesto por la Junta Comunal y su presidente.<\/p>\n<p>Los 7 miembros que componen la Junta son elegidos por los vecinos por cuatro a\u00f1os. El presidente es aquel que obtiene la mayor cantidad de votos en los comicios. Adem\u00e1s, cada una cuenta con un Consejo Consultivo integrado por representantes de entidades vecinales no gubernamentales, partidos pol\u00edticos, redes y otras formas de organizaci\u00f3n con intereses o actuaci\u00f3n en el \u00e1mbito territorial de la Comuna. Este Consejo asesora a la Junta Comunal y tambi\u00e9n puede, entre otras cuestiones, canalizar las demandas, presentar propuestas y definir las prioridades. El autor de la iniciativa de adhesi\u00f3n a la fecha fue el\u00a0 legislador\u00a0 H\u00e9ctor Apreda, acompa\u00f1ado por sus pares Ariel \u00c1lvarez Palma, Paola Michielotto, Eduardo Santamarina y Guillermo Su\u00e1rez (VJ).<\/p>\n<p>Personalidades Destacadas<\/p>\n<p>Durante la Sesi\u00f3n Ordinaria del jueves fueron aprobadas leyes que distinguieron a tres nuevas Personalidades Destacadas en el \u00e1mbito de la Cultura.Se trata del m\u00fasico Jorge Bergero, creador del proyecto &quot;M\u00fasica para el Alma&quot; por el que m\u00e1s de 2500 m\u00fasicos voluntarios de orquestas sinf\u00f3nicas y coros en 10 provincias argentinas y 6 pa\u00edses m\u00fasicos se acercan a hospitales, escuelas de educaci\u00f3n especial, geri\u00e1tricos e instituciones de bien p\u00fablico en general para acompa\u00f1ar a personas que atraviesan situaciones de vida dif\u00edciles. Los conciertos se realizan a pedido de las instituciones de forma gratuita. Impuls\u00f3 el reconocimiento la diputada Mar\u00eda Conde (UC).<\/p>\n<p>Tambi\u00e9n fue destacado el director, guionista y productor Pablo Trapero. Su primer largometraje fue &quot;Mundo gr\u00faa&quot;, en 1998 y le siguieron &quot;El bonaerense&quot; (2002), &quot;Familia rodante&quot; (2004), &quot;Nacido y criado&quot; (2007), &quot;Leonera&quot; (2008), &quot;Carancho&quot; (2010), &quot;Elefante Blanco&quot; (2012), &quot;El Clan&quot; (2015) y &quot;La quietud&quot; (2018). Autor fue el legislador Guillermo Gonz\u00e1lez Heredia, y coautores Diego Mar\u00edas, Eduardo Petrini y Eduardo Santamarina (VJ).En el \u00e1mbito de la comunicaci\u00f3n period\u00edstica result\u00f3 reconocido Miguel Woites quien desde 1966 es director de la Agencia Informativa Cat\u00f3lica Argentina -AICA. Nacido en Lincoln &#8211; provincia de Buenos Aires el 7 de junio de 1928, est\u00e1 casado hace 66 a\u00f1os con Lidia Amitrano, tiene 5 hijos, 27 nietos y 19 bisnietos, y otros\u00a0 2 &quot;en camino&quot;.<\/p>\n","protected":false},"excerpt":{"rendered":"<p>La Legislatura de la Ciudad Aut\u00f3noma de Buenos Aires adhiri\u00f3 a la conmemoraci\u00f3n del D\u00eda de las Comunas que se celebra el 1 de septiembre de cada a\u00f1o, seg\u00fan lo dispuesto por la Ley N\u00b0 5.601 sancionada en el a\u00f1o 2016, con el fin de difundir las acciones y formas de participaci\u00f3n de los vecinos [&hellip;]<\/p>\n","protected":false},"author":1,"featured_media":0,"comment_status":"open","ping_status":"open","sticky":false,"template":"","format":"standard","meta":{"_et_pb_use_builder":"","_et_pb_old_content":"","_et_gb_content_width":"","footnotes":""},"categories":[11,32],"tags":[],"class_list":["post-6131","post","type-post","status-publish","format-standard","hentry","category-ciudad","category-comunas"],"_links":{"self":[{"href":"https:\/\/vocesdebaires.com.ar\/index.php\/wp-json\/wp\/v2\/posts\/6131"}],"collection":[{"href":"https:\/\/vocesdebaires.com.ar\/index.php\/wp-json\/wp\/v2\/posts"}],"about":[{"href":"https:\/\/vocesdebaires.com.ar\/index.php\/wp-json\/wp\/v2\/types\/post"}],"author":[{"embeddable":true,"href":"https:\/\/vocesdebaires.com.ar\/index.php\/wp-json\/wp\/v2\/users\/1"}],"replies":[{"embeddable":true,"href":"https:\/\/vocesdebaires.com.ar\/index.php\/wp-json\/wp\/v2\/comments?post=6131"}],"version-history":[{"count":0,"href":"https:\/\/vocesdebaires.com.ar\/index.php\/wp-json\/wp\/v2\/posts\/6131\/revisions"}],"wp:attachment":[{"href":"https:\/\/vocesdebaires.com.ar\/index.php\/wp-json\/wp\/v2\/media?parent=6131"}],"wp:term":[{"taxonomy":"category","embeddable":true,"href":"https:\/\/vocesdebaires.com.ar\/index.php\/wp-json\/wp\/v2\/categories?post=6131"},{"taxonomy":"post_tag","embeddable":true,"href":"https:\/\/vocesdebaires.com.ar\/index.php\/wp-json\/wp\/v2\/tags?post=6131"}],"curies":[{"name":"wp","href":"https:\/\/api.w.org\/{rel}","templated":true}]}}