{"id":6134,"date":"2019-08-30T03:05:16","date_gmt":"2019-08-30T06:05:16","guid":{"rendered":"http:\/\/vocesdebaires.com.ar\/wordpress\/index.php\/2019\/08\/30\/declare-nulidad-permiso-de-obra-cedido-gcba\/"},"modified":"2019-08-30T03:05:16","modified_gmt":"2019-08-30T06:05:16","slug":"declare-nulidad-permiso-de-obra-cedido-gcba","status":"publish","type":"post","link":"https:\/\/vocesdebaires.com.ar\/index.php\/2019\/08\/30\/declare-nulidad-permiso-de-obra-cedido-gcba\/","title":{"rendered":"Declare nulidad  permiso de obra cedido  GCBA"},"content":{"rendered":"<p>El Juzgado de Primera Instancia en lo Contencioso, Administrativo y Tributario de la Ciudad de Buenos Aires N\u00b04, a cargo de la Dra. Elena Liberatori, secretar\u00eda del Dr. Germ\u00e1n Rodr\u00edguez Gauna, sito en Av. de Mayo 654, piso 1\u00b0, de la CABA, de conformidad con lo previsto en los arts. 129 y 130 del C\u00f3digo Contencioso, Administrativo y Tributario de la CABA (Ley 189, CCAyT) y en el marco de los autos caratulados Asociaci\u00f3n Civil Observatorio del Derecho a la Ciudad S\/ Amparo, Exp. 5575\/2019-0, cita y emplaza a todas aquellas personas que tengan un inter\u00e9s jur\u00eddico relevante en integrar el proceso ya sea como actora o demandada, para que en el plazo de diez (10) d\u00edas que se presenten en el expediente, constituyan domicilio y manifiesten lo que por derecho corresponda, bajo apercibimiento de continuar el juicio seg\u00fan su estado, y sin perjuicio de lo previsto en el art\u00edculo 84 y ss. Del CCAyT.El plazo indicado comenzar\u00e1 a correr a partir de la \u00faltima publicaci\u00f3n del edicto en el Bolet\u00edn Oficial de la Ciudad de Buenos Aires o de la publicidad efectuada por radiodifusi\u00f3n, lo que ocurra en fecha posterior.<\/p>\n<p>A tal fin, se hace saber que la acci\u00f3n de amparo colectivo mencionada tiene por objeto que se declare la nulidad del permiso de obra o registro de planos otorgado por el GCBA en fecha 12 de diciembre de 2017 en el expediente N\u00b0 8591910\/2017 para el inmueble sito en la Av. Luis Mar\u00eda Campos 102\/104\/108\/112\/114\/124, la resoluci\u00f3n N\u00b0 2016-254 SSREGIC de la Subsecretar\u00eda de Registros, Interpretaci\u00f3n y Catastro (SSREGIC), de la Disposici\u00f3n N\u00b0 DI-201-138-DGEVA de la Agencia de Protecci\u00f3n Ambiental que categoriz\u00f3 al proyecto como de impacto ambiental sin relevante efecto y otorg\u00f3 el certificado de aptitud ambiental. Por no respetar el C\u00f3digo de Planeamiento de la Ciudad, el art\u00edculo 13 de la Ley 123 y los arts. 27 y 30 de la Constituci\u00f3n de la Ciudad, se ordene la readecuaci\u00f3n de la obra o el edificio en construcci\u00f3n o construido a efectos de dar debido cumplimiento a la totalidad de las disposiciones legales vigentes.<br \/>El presente debe publicarse por tres (3) d\u00edas en el Bolet\u00edn Oficial de la Ciudad de Buenos Aires.-<\/p>\n","protected":false},"excerpt":{"rendered":"<p>El Juzgado de Primera Instancia en lo Contencioso, Administrativo y Tributario de la Ciudad de Buenos Aires N\u00b04, a cargo de la Dra. Elena Liberatori, secretar\u00eda del Dr. Germ\u00e1n Rodr\u00edguez Gauna, sito en Av. de Mayo 654, piso 1\u00b0, de la CABA, de conformidad con lo previsto en los arts. 129 y 130 del C\u00f3digo [&hellip;]<\/p>\n","protected":false},"author":1,"featured_media":0,"comment_status":"open","ping_status":"open","sticky":false,"template":"","format":"standard","meta":{"_et_pb_use_builder":"","_et_pb_old_content":"","_et_gb_content_width":"","footnotes":""},"categories":[11,32],"tags":[],"class_list":["post-6134","post","type-post","status-publish","format-standard","hentry","category-ciudad","category-comunas"],"_links":{"self":[{"href":"https:\/\/vocesdebaires.com.ar\/index.php\/wp-json\/wp\/v2\/posts\/6134"}],"collection":[{"href":"https:\/\/vocesdebaires.com.ar\/index.php\/wp-json\/wp\/v2\/posts"}],"about":[{"href":"https:\/\/vocesdebaires.com.ar\/index.php\/wp-json\/wp\/v2\/types\/post"}],"author":[{"embeddable":true,"href":"https:\/\/vocesdebaires.com.ar\/index.php\/wp-json\/wp\/v2\/users\/1"}],"replies":[{"embeddable":true,"href":"https:\/\/vocesdebaires.com.ar\/index.php\/wp-json\/wp\/v2\/comments?post=6134"}],"version-history":[{"count":0,"href":"https:\/\/vocesdebaires.com.ar\/index.php\/wp-json\/wp\/v2\/posts\/6134\/revisions"}],"wp:attachment":[{"href":"https:\/\/vocesdebaires.com.ar\/index.php\/wp-json\/wp\/v2\/media?parent=6134"}],"wp:term":[{"taxonomy":"category","embeddable":true,"href":"https:\/\/vocesdebaires.com.ar\/index.php\/wp-json\/wp\/v2\/categories?post=6134"},{"taxonomy":"post_tag","embeddable":true,"href":"https:\/\/vocesdebaires.com.ar\/index.php\/wp-json\/wp\/v2\/tags?post=6134"}],"curies":[{"name":"wp","href":"https:\/\/api.w.org\/{rel}","templated":true}]}}