{"id":6139,"date":"2019-08-29T03:00:00","date_gmt":"2019-08-29T06:00:00","guid":{"rendered":"http:\/\/vocesdebaires.com.ar\/wordpress\/index.php\/2019\/08\/29\/matias-lammens-recibio-propuestas-para-la-ciudad\/"},"modified":"2019-08-29T03:00:00","modified_gmt":"2019-08-29T06:00:00","slug":"matias-lammens-recibio-propuestas-para-la-ciudad","status":"publish","type":"post","link":"https:\/\/vocesdebaires.com.ar\/index.php\/2019\/08\/29\/matias-lammens-recibio-propuestas-para-la-ciudad\/","title":{"rendered":"Matias Lammens recibi\u00f3 propuestas para la Ciudad"},"content":{"rendered":"<p>El candidato a Jefe de Gobierno porte\u00f1o, Mat\u00edas Lammens, se reuni\u00f3 en\u00a0 sus oficinas del barrio de Boedo, con la integrante del Grupo Callao, Camila Garc\u00eda quien aport\u00f3\u00a0 a los equipos t\u00e9cnicos\u00a0 de Lammens propuestas desarrolladas por un grupo de j\u00f3venes profesionales y militantes.<\/p>\n<p>En ese marco, Lammens se\u00f1al\u00f3 que incluir a todos los porte\u00f1os y porte\u00f1as ser\u00e1 el centro de su propuesta. \u201cEn las PASO contamos lo que so\u00f1amos para la Ciudad, ahora apuntamos a contar c\u00f3mo lo vamos a hacer\u201d, concluy\u00f3 el candidato. En este marco, Garc\u00eda afirm\u00f3, \u201cen estos momentos cr\u00edticos que vive el pa\u00eds, el gobierno de la ciudad no est\u00e1 acompa\u00f1ando a los porte\u00f1as y porte\u00f1as que la est\u00e1n pasando mal\u201d.<\/p>\n<p>Las propuestas presentadas por los j\u00f3venes, apuntan a los vecinos que se \u201cencuentran postergados tras 12 a\u00f1os del PRO en la Ciudad\u201d, se\u00f1al\u00f3 la dirigente del Grupo Callao. Los equipos t\u00e9cnicos trabajaron sobre ejes tem\u00e1ticos que hoy afectan a los vecinos de la Ciudad, proponiendo alternativas para temas como\u00a0 alquileres y vivienda, discapacidad y accesibilidad, adultos mayores, pol\u00edticas sociales, g\u00e9nero, educaci\u00f3n, cultura, conectividad, seguridad, PYMES, y, movilidad y transporte.<\/p>\n<p>Propuestas : 10 Temas de la Ciudad<\/p>\n<p>1) Movilidad y Transporte<br \/>Se plantea que la Ciudad debe mejorar y ampliar la red de subtes, adem\u00e1s de reclamar y comenzar a gestionar las l\u00edneas de colectivo existentes que operan exclusivamente en su territorio. <br \/>2) Conectividad <br \/>Crear un Comit\u00e9 de Gobernanza de Internet de la Ciudad de Buenos Aires, bajo un modelo de M\u00faltiples Partes interesadas que permita consensuar los problemas y soluciones de la conectividad en la ciudad.\u00a0 Uno de los objetivos principales es la baja de barreras burocr\u00e1ticas e incentivos regulatorios y econ\u00f3micos para el desarrollo de tecnolog\u00edas de Conectividad.<br \/>3) PyMEs y Desarrollo Econ\u00f3mico<br \/>Se propone la Ley de Emergencia Econ\u00f3mica para el sector PyME, para que, con ciertos requisitos, puedan acceder a la suspensi\u00f3n de las intimaciones por incumplimiento de\u00a0 obligaciones tributarias materiales ante la AFIP. Una vez establecida la ley esta medida se conven\u00eda con la AFIP para su efectivo cumplimiento.<br \/>4) Discapacidad y accesibilidad<br \/>Se\u00a0 propone la armonizaci\u00f3n normativa y la creaci\u00f3n de\u00a0 pol\u00edticas p\u00fablicas especificas en materia de discapacidad. Una serie de acciones en ese sentido, tales como:<br \/>La implementaci\u00f3n de un sistema de asignaci\u00f3n de turnos prioritarios para consultas y realizaci\u00f3n de estudios diagn\u00f3sticos para tramitar el CUD (Certificado \u00danico de Discapacidad);<br \/>Impulsar la adhesi\u00f3n de la CABA a la Ley N\u00ba 24901;<br \/>Impulsar el dictado de normas que regulen la habilitaci\u00f3n al uso de los establecimientos destinados a brindar prestaciones a PcD (Personas con Discapacidad).<br \/>5) Adultos mayores<br \/>Generar un plan de cuidados de adultos mayores para la prevenci\u00f3n, promoci\u00f3n y manejo de patolog\u00edas cr\u00f3nicas e inmunoprevenibles, articulado a trav\u00e9s de un sistema p\u00fablico de promotores de salud comunitaria en cada comuna. <br \/>6) Pol\u00edticas sociales<br \/>Promover pol\u00edticas crediticias y una l\u00ednea de financiaci\u00f3n para evitar desalojos a familias en situaci\u00f3n de vulnerabilidad social que se encuentren con ni\u00f1os y ni\u00f1as a cargo. <br \/>Recuperar e intervenir espacios p\u00fablicos de la Ciudad que se encuentren en abandono\/deteriorados para convertirlos en espacios socioeducativos-recreativos p\u00fablicos y gratuitos, para brindar contenci\u00f3n, acompa\u00f1amiento y recreaci\u00f3n tanto a ni\u00f1os como adultos.<br \/>7) Urbanismo, vivienda y pol\u00edticas de suelo<br \/>Crear un parque de viviendas para dar en comodato o en alquiler a familias de recursos bajos o medios que no puedan acceder al mercado formal de vivienda. Para ello el GCBA cuenta con inmuebles propios que ya tiene en su propiedad y que adem\u00e1s recibe a trav\u00e9s de donaciones o herencias vacantes. <br \/>8) Educaci\u00f3n<br \/>La\u00a0 prioridad es\u00a0 el acceso a la educaci\u00f3n de primera infancia para los ni\u00f1os y ni\u00f1as de la Ciudad de Buenos Aires que asisten a los Centros de Primera Infancia (CPI).\u00a0 Para ello se propone aumentar la inversi\u00f3n en infraestructura, as\u00ed como progresivamente pasarlos a la orbita del Ministerio de Educaci\u00f3n de la Ciudad. <br \/>9) Cultura<br \/>Se propone el Mapeo Comunal Abierto y Participativo, y el Mapeo e Inventariado participativo de los recursos culturales\u00a0 para crear un Mercado de Industrias Culturales de la Ciudad<br \/>10) Seguridad<br \/>Fomentar la participaci\u00f3n comunitaria en el marco de un \u201cModelo democr\u00e1tico de gesti\u00f3n de la seguridad\u201d para elaborar intervenciones espec\u00edficas,\u00a0 seg\u00fan la problem\u00e1tica de cada barrio de forma eficaz y a corto plazo.<\/p>\n","protected":false},"excerpt":{"rendered":"<p>El candidato a Jefe de Gobierno porte\u00f1o, Mat\u00edas Lammens, se reuni\u00f3 en\u00a0 sus oficinas del barrio de Boedo, con la integrante del Grupo Callao, Camila Garc\u00eda quien aport\u00f3\u00a0 a los equipos t\u00e9cnicos\u00a0 de Lammens propuestas desarrolladas por un grupo de j\u00f3venes profesionales y militantes. En ese marco, Lammens se\u00f1al\u00f3 que incluir a todos los porte\u00f1os [&hellip;]<\/p>\n","protected":false},"author":1,"featured_media":6140,"comment_status":"open","ping_status":"open","sticky":false,"template":"","format":"standard","meta":{"_et_pb_use_builder":"","_et_pb_old_content":"","_et_gb_content_width":"","footnotes":""},"categories":[11,32],"tags":[],"class_list":["post-6139","post","type-post","status-publish","format-standard","has-post-thumbnail","hentry","category-ciudad","category-comunas"],"_links":{"self":[{"href":"https:\/\/vocesdebaires.com.ar\/index.php\/wp-json\/wp\/v2\/posts\/6139"}],"collection":[{"href":"https:\/\/vocesdebaires.com.ar\/index.php\/wp-json\/wp\/v2\/posts"}],"about":[{"href":"https:\/\/vocesdebaires.com.ar\/index.php\/wp-json\/wp\/v2\/types\/post"}],"author":[{"embeddable":true,"href":"https:\/\/vocesdebaires.com.ar\/index.php\/wp-json\/wp\/v2\/users\/1"}],"replies":[{"embeddable":true,"href":"https:\/\/vocesdebaires.com.ar\/index.php\/wp-json\/wp\/v2\/comments?post=6139"}],"version-history":[{"count":0,"href":"https:\/\/vocesdebaires.com.ar\/index.php\/wp-json\/wp\/v2\/posts\/6139\/revisions"}],"wp:featuredmedia":[{"embeddable":true,"href":"https:\/\/vocesdebaires.com.ar\/index.php\/wp-json\/wp\/v2\/media\/6140"}],"wp:attachment":[{"href":"https:\/\/vocesdebaires.com.ar\/index.php\/wp-json\/wp\/v2\/media?parent=6139"}],"wp:term":[{"taxonomy":"category","embeddable":true,"href":"https:\/\/vocesdebaires.com.ar\/index.php\/wp-json\/wp\/v2\/categories?post=6139"},{"taxonomy":"post_tag","embeddable":true,"href":"https:\/\/vocesdebaires.com.ar\/index.php\/wp-json\/wp\/v2\/tags?post=6139"}],"curies":[{"name":"wp","href":"https:\/\/api.w.org\/{rel}","templated":true}]}}