{"id":6143,"date":"2019-08-29T03:00:00","date_gmt":"2019-08-29T06:00:00","guid":{"rendered":"http:\/\/vocesdebaires.com.ar\/wordpress\/index.php\/2019\/08\/29\/exigen-informacion-sobre-recortesdel-bernasconi\/"},"modified":"2019-08-29T03:00:00","modified_gmt":"2019-08-29T06:00:00","slug":"exigen-informacion-sobre-recortesdel-bernasconi","status":"publish","type":"post","link":"https:\/\/vocesdebaires.com.ar\/index.php\/2019\/08\/29\/exigen-informacion-sobre-recortesdel-bernasconi\/","title":{"rendered":"Exigen informaci\u00f3n sobre recortes,del Bernasconi"},"content":{"rendered":"<p>En el d\u00eda\u00a0 ayer el candidato a comunero de la comuna 4 por el Frente de Todos, Ignacio \u00c1lvarez, present\u00f3 en car\u00e1cter de urgente un pedido de informe a la Ministra de Educaci\u00f3n de la Ciudad, Soledad Acu\u00f1a, sobre la situaci\u00f3n del natatorio del Instituto Bernasconi donde la comunidad educativa denuncia el recorte de horas de dicha disciplina de los alumnos de 6\u00b0 y 7\u00b0 grado. En el pedido, \u00c1lvarez solicit\u00f3 a la Ministra que informe cu\u00e1l es el uso actual que recibe el natatorio de la escuela, aclarando los horarios en que se encuentra en funcionamiento. Adem\u00e1s, pidi\u00f3 que se individualicen los cursos y grados que durante los \u00faltimos 3 a\u00f1os tuvieron clases de nataci\u00f3n, indicando en qu\u00e9 turno y bajo qu\u00e9 modalidades.<\/p>\n<p>Por \u00faltimo, la solicitud se\u00f1ala que la Ministra informe si se est\u00e1 planificando una reducci\u00f3n horaria, supresi\u00f3n de cursos o cualquier modificaci\u00f3n respecto al uso del natatorio que posee el Instituto Bernasconi. En caso de llevarse adelante esas medidas, se solicit\u00f3 un informe sobre los motivos y si la comunidad educativa fue consultada al respecto. Durante el d\u00eda de ayer padres, alumnos y docentes se autoconvocaron en contra de la medida y comenzaron a juntar firmas contra el recorte. Reci\u00e9n ayer lograron que la supervisi\u00f3n de educaci\u00f3n f\u00edsica del instituto convoque a una reuni\u00f3n este jueves 29 a las 10 hs en el teatro de la escuela.<\/p>\n","protected":false},"excerpt":{"rendered":"<p>En el d\u00eda\u00a0 ayer el candidato a comunero de la comuna 4 por el Frente de Todos, Ignacio \u00c1lvarez, present\u00f3 en car\u00e1cter de urgente un pedido de informe a la Ministra de Educaci\u00f3n de la Ciudad, Soledad Acu\u00f1a, sobre la situaci\u00f3n del natatorio del Instituto Bernasconi donde la comunidad educativa denuncia el recorte de horas [&hellip;]<\/p>\n","protected":false},"author":1,"featured_media":6144,"comment_status":"open","ping_status":"open","sticky":false,"template":"","format":"standard","meta":{"_et_pb_use_builder":"","_et_pb_old_content":"","_et_gb_content_width":"","footnotes":""},"categories":[11,33],"tags":[],"class_list":["post-6143","post","type-post","status-publish","format-standard","has-post-thumbnail","hentry","category-ciudad","category-sociedad-y-cultura-2"],"_links":{"self":[{"href":"https:\/\/vocesdebaires.com.ar\/index.php\/wp-json\/wp\/v2\/posts\/6143"}],"collection":[{"href":"https:\/\/vocesdebaires.com.ar\/index.php\/wp-json\/wp\/v2\/posts"}],"about":[{"href":"https:\/\/vocesdebaires.com.ar\/index.php\/wp-json\/wp\/v2\/types\/post"}],"author":[{"embeddable":true,"href":"https:\/\/vocesdebaires.com.ar\/index.php\/wp-json\/wp\/v2\/users\/1"}],"replies":[{"embeddable":true,"href":"https:\/\/vocesdebaires.com.ar\/index.php\/wp-json\/wp\/v2\/comments?post=6143"}],"version-history":[{"count":0,"href":"https:\/\/vocesdebaires.com.ar\/index.php\/wp-json\/wp\/v2\/posts\/6143\/revisions"}],"wp:featuredmedia":[{"embeddable":true,"href":"https:\/\/vocesdebaires.com.ar\/index.php\/wp-json\/wp\/v2\/media\/6144"}],"wp:attachment":[{"href":"https:\/\/vocesdebaires.com.ar\/index.php\/wp-json\/wp\/v2\/media?parent=6143"}],"wp:term":[{"taxonomy":"category","embeddable":true,"href":"https:\/\/vocesdebaires.com.ar\/index.php\/wp-json\/wp\/v2\/categories?post=6143"},{"taxonomy":"post_tag","embeddable":true,"href":"https:\/\/vocesdebaires.com.ar\/index.php\/wp-json\/wp\/v2\/tags?post=6143"}],"curies":[{"name":"wp","href":"https:\/\/api.w.org\/{rel}","templated":true}]}}