{"id":6151,"date":"2019-08-29T03:00:00","date_gmt":"2019-08-29T06:00:00","guid":{"rendered":"http:\/\/vocesdebaires.com.ar\/wordpress\/index.php\/2019\/08\/29\/legislaturaactualizaran-el-regimen-de-faltas\/"},"modified":"2019-08-29T03:00:00","modified_gmt":"2019-08-29T06:00:00","slug":"legislaturaactualizaran-el-regimen-de-faltas","status":"publish","type":"post","link":"https:\/\/vocesdebaires.com.ar\/index.php\/2019\/08\/29\/legislaturaactualizaran-el-regimen-de-faltas\/","title":{"rendered":"Legislatura:Actualizar\u00e1n el R\u00e9gimen de Faltas"},"content":{"rendered":"<p>La Legislatura de la Ciudad Aut\u00f3noma de Buenos Aires sesionar\u00e1 hoy\u00a0 de forma ordinaria para tratar, entre otros proyectos, una propuesta de la Jefatura de Gobierno para modificar varios art\u00edculos de las leyes locales 1.217 y 451, de Procedimientos de Faltas y R\u00e9gimen de Faltas.Tiene despacho de la Comisi\u00f3n de Justicia, que preside el legislador Daniel Presti (VJ). Y en sus considerandos dice que se busca el objetivo de lograr &quot;un procedimiento \u00e1gil y moderno&quot;, para lo cual se incorporan nuevos usos tecnol\u00f3gicos, como la firma digital o las notificaciones por chat, as\u00ed como se actualizan preceptos jur\u00eddicos y se modifican plazos. Otro asunto a considerar, acordado esta tarde en la reuni\u00f3n de Labor Parlamentaria, es la creaci\u00f3n en el \u00e1mbito legislativo de una Comisi\u00f3n Especial para atender lo referido a las personas con discapacidad, que tendr\u00e1 la misi\u00f3n de estudiar y proponer proyectos en defensa y protecci\u00f3n de ese sector de la sociedad.<\/p>\n","protected":false},"excerpt":{"rendered":"<p>La Legislatura de la Ciudad Aut\u00f3noma de Buenos Aires sesionar\u00e1 hoy\u00a0 de forma ordinaria para tratar, entre otros proyectos, una propuesta de la Jefatura de Gobierno para modificar varios art\u00edculos de las leyes locales 1.217 y 451, de Procedimientos de Faltas y R\u00e9gimen de Faltas.Tiene despacho de la Comisi\u00f3n de Justicia, que preside el legislador [&hellip;]<\/p>\n","protected":false},"author":1,"featured_media":6152,"comment_status":"open","ping_status":"open","sticky":false,"template":"","format":"standard","meta":{"_et_pb_use_builder":"","_et_pb_old_content":"","_et_gb_content_width":"","footnotes":""},"categories":[11,33],"tags":[],"class_list":["post-6151","post","type-post","status-publish","format-standard","has-post-thumbnail","hentry","category-ciudad","category-sociedad-y-cultura-2"],"_links":{"self":[{"href":"https:\/\/vocesdebaires.com.ar\/index.php\/wp-json\/wp\/v2\/posts\/6151"}],"collection":[{"href":"https:\/\/vocesdebaires.com.ar\/index.php\/wp-json\/wp\/v2\/posts"}],"about":[{"href":"https:\/\/vocesdebaires.com.ar\/index.php\/wp-json\/wp\/v2\/types\/post"}],"author":[{"embeddable":true,"href":"https:\/\/vocesdebaires.com.ar\/index.php\/wp-json\/wp\/v2\/users\/1"}],"replies":[{"embeddable":true,"href":"https:\/\/vocesdebaires.com.ar\/index.php\/wp-json\/wp\/v2\/comments?post=6151"}],"version-history":[{"count":0,"href":"https:\/\/vocesdebaires.com.ar\/index.php\/wp-json\/wp\/v2\/posts\/6151\/revisions"}],"wp:featuredmedia":[{"embeddable":true,"href":"https:\/\/vocesdebaires.com.ar\/index.php\/wp-json\/wp\/v2\/media\/6152"}],"wp:attachment":[{"href":"https:\/\/vocesdebaires.com.ar\/index.php\/wp-json\/wp\/v2\/media?parent=6151"}],"wp:term":[{"taxonomy":"category","embeddable":true,"href":"https:\/\/vocesdebaires.com.ar\/index.php\/wp-json\/wp\/v2\/categories?post=6151"},{"taxonomy":"post_tag","embeddable":true,"href":"https:\/\/vocesdebaires.com.ar\/index.php\/wp-json\/wp\/v2\/tags?post=6151"}],"curies":[{"name":"wp","href":"https:\/\/api.w.org\/{rel}","templated":true}]}}