{"id":6155,"date":"2019-08-28T03:00:00","date_gmt":"2019-08-28T06:00:00","guid":{"rendered":"http:\/\/vocesdebaires.com.ar\/wordpress\/index.php\/2019\/08\/28\/nueva-calle-corrientes-concurso-de-fotos\/"},"modified":"2019-08-28T03:00:00","modified_gmt":"2019-08-28T06:00:00","slug":"nueva-calle-corrientes-concurso-de-fotos","status":"publish","type":"post","link":"https:\/\/vocesdebaires.com.ar\/index.php\/2019\/08\/28\/nueva-calle-corrientes-concurso-de-fotos\/","title":{"rendered":"Nueva Calle Corrientes: Concurso de fotos"},"content":{"rendered":"<p>La gran arteria cultural de la Ciudad ser\u00e1 el punto de partida para que fot\u00f3grafos profesionales y amateurs puedan retratar su visi\u00f3n de la renovada avenida, en un concurso abierto con plazo hasta el pr\u00f3ximo 9 de septiembre. Una vez conocidos los resultados, se coronar\u00e1 a diez ganadores con la impresi\u00f3n y exhibici\u00f3n de su trabajo en una muestra en el Teatro San Mart\u00edn y la posibilidad de acceder a un workshop exclusivo dictado por el reconocido fot\u00f3grafo Marcos L\u00f3pez.<\/p>\n<p>Adem\u00e1s se premiar\u00e1 tambi\u00e9n a otros diez ganadores que podr\u00e1n participar de este workshop para intercambiar experiencias con el destacado fot\u00f3grafo. Las fotograf\u00edas deber\u00e1n ser tomadas en la Av. Corrientes peatonal, entre Libertad y Av. Callao, en el horario de las 19 a las 2 h, adem\u00e1s deber\u00e1 cumplir con al menos una de las siguientes especificaciones:<\/p>\n<p>a. Personajes: Personas disfrutando cultura. Personas haciendo cultura. Personas interactuando. Turistas conociendo la Ciudad<br \/>b. Aire Libre: Cultura en el espacio p\u00fablico. Disfrutar del espacio p\u00fablico. Atardeceres<br \/>c. Arquitectura: Teatros y comercios. Obelisco. Corrientes Peatonal. Patrimonio<br \/>d. Colores: Calles de colores. La Ciudad en blanco y negro.<br \/>Quienes deseen participar deber\u00e1n completar el formulario y adjuntar la imagen en formato digital: <a href=&quot;https:\/\/forms.directa.buenosaires.gob.ar\/forms\/registroreuniones?CampaignId=7012K000001GDkp&amp;channel=web&quot;>https:\/\/forms.directa.buenosaires.gob.ar\/forms\/registroreuniones?CampaignId=7012K000001GDkp&amp;channel=web<\/a><\/p>\n","protected":false},"excerpt":{"rendered":"<p>La gran arteria cultural de la Ciudad ser\u00e1 el punto de partida para que fot\u00f3grafos profesionales y amateurs puedan retratar su visi\u00f3n de la renovada avenida, en un concurso abierto con plazo hasta el pr\u00f3ximo 9 de septiembre. Una vez conocidos los resultados, se coronar\u00e1 a diez ganadores con la impresi\u00f3n y exhibici\u00f3n de su [&hellip;]<\/p>\n","protected":false},"author":1,"featured_media":6156,"comment_status":"open","ping_status":"open","sticky":false,"template":"","format":"standard","meta":{"_et_pb_use_builder":"","_et_pb_old_content":"","_et_gb_content_width":"","footnotes":""},"categories":[11,32],"tags":[],"class_list":["post-6155","post","type-post","status-publish","format-standard","has-post-thumbnail","hentry","category-ciudad","category-comunas"],"_links":{"self":[{"href":"https:\/\/vocesdebaires.com.ar\/index.php\/wp-json\/wp\/v2\/posts\/6155"}],"collection":[{"href":"https:\/\/vocesdebaires.com.ar\/index.php\/wp-json\/wp\/v2\/posts"}],"about":[{"href":"https:\/\/vocesdebaires.com.ar\/index.php\/wp-json\/wp\/v2\/types\/post"}],"author":[{"embeddable":true,"href":"https:\/\/vocesdebaires.com.ar\/index.php\/wp-json\/wp\/v2\/users\/1"}],"replies":[{"embeddable":true,"href":"https:\/\/vocesdebaires.com.ar\/index.php\/wp-json\/wp\/v2\/comments?post=6155"}],"version-history":[{"count":0,"href":"https:\/\/vocesdebaires.com.ar\/index.php\/wp-json\/wp\/v2\/posts\/6155\/revisions"}],"wp:featuredmedia":[{"embeddable":true,"href":"https:\/\/vocesdebaires.com.ar\/index.php\/wp-json\/wp\/v2\/media\/6156"}],"wp:attachment":[{"href":"https:\/\/vocesdebaires.com.ar\/index.php\/wp-json\/wp\/v2\/media?parent=6155"}],"wp:term":[{"taxonomy":"category","embeddable":true,"href":"https:\/\/vocesdebaires.com.ar\/index.php\/wp-json\/wp\/v2\/categories?post=6155"},{"taxonomy":"post_tag","embeddable":true,"href":"https:\/\/vocesdebaires.com.ar\/index.php\/wp-json\/wp\/v2\/tags?post=6155"}],"curies":[{"name":"wp","href":"https:\/\/api.w.org\/{rel}","templated":true}]}}