{"id":6157,"date":"2019-08-28T03:00:00","date_gmt":"2019-08-28T06:00:00","guid":{"rendered":"http:\/\/vocesdebaires.com.ar\/wordpress\/index.php\/2019\/08\/28\/villa-crespo-maraton-barrios-creativos\/"},"modified":"2019-08-28T03:00:00","modified_gmt":"2019-08-28T06:00:00","slug":"villa-crespo-maraton-barrios-creativos","status":"publish","type":"post","link":"https:\/\/vocesdebaires.com.ar\/index.php\/2019\/08\/28\/villa-crespo-maraton-barrios-creativos\/","title":{"rendered":"Villa Crespo: Marat\u00f3n Barrios Creativos"},"content":{"rendered":"<p>La Marat\u00f3n de Barrios Creativos ser\u00e1 un d\u00eda de celebraci\u00f3n y encuentro entre los vecinos y la programaci\u00f3n cultural de sus barrios. El s\u00e1bado 31 de agosto, de 12 a 17h, en Av. Corrientes entre Thames y Acevedo, y Gurruchaga y Serrano desde Vera a Camargo. La emblem\u00e1tica murga \u201cLos Movedizos de Villa Crespo\u201d, la comunidad LGBTIQ creadora del \u201cFestival de Arte Queer\u201d (FAQ) y las actrices y actores de las compa\u00f1\u00edas de artes esc\u00e9nicas de Espacio S\u00edsmico ser\u00e1n algunos de los contenidos que formar\u00e1n parte de esta jornada.<\/p>\n<p>A esto se le sumar\u00e1n los proyectos del programa CLIC Villa Crespo entre los que se encuentran Enroque-Experiencias Visuales de Intercambio, Actividades para ni\u00f1os, Memoria Viva y talleres del Centro Cultural Pugliese perteneciente al PCB .Adem\u00e1s se sumar\u00e1n los equipos de trabajo de los otros barrios ganadores de la primera edici\u00f3n de Barrios Creativos: Recoleta-Sald\u00edas con su propuesta \u201cLADOS\u201d, Villa General Mitre y Villa Santa Rita con \u201cSanta Mitre\u201d y Versalles, Villa Luro y Villa Real con \u201cFrontera Oeste\u201d.<\/p>\n<p>\u00a1Conoc\u00e9 la programaci\u00f3n!<br \/>Espacio Portal de ingreso<br \/>14 y 16.30 hs: Grupo Bardo presenta: Glorioso Domingo, performance de danza<br \/>14.30 hs: Murga Los Movedizos de Villa Crespo<br \/>15.30 hs: Devenir \u00c1rbol, performance de danza<br \/>Espacio Meeting Point<br \/>Ronda Cultural, paseos culturales caminados: Recorr\u00e9 Villa Crespo con otros ojos. Salidas a las 13, 14, 15, 16 y 17h.<br \/>\u00a1Retira gratis figuritas del primer \u00c1lbum de Figuritas de Villa Crespo!<br \/>Espacio Exploradores del Sonido<br \/>Desde las 12.30 hs Ven\u00ed a disfrutar de las instalaciones sonoras de Sonido C\u00ednico<br \/>Espacio Talleres<br \/>12 hs: Yoga<br \/>13 hs: Literatura \/ Artes Pl\u00e1sticas<br \/>14 hs: Clown \/ Stand Up<br \/>14.30 hs: Tango<br \/>15 hs: Respiraci\u00f3n consciente<br \/>15.30 hs: Danzas folcl\u00f3ricas<br \/>16 hs: Hula Hula<br \/>16.30 hs: Danzas griegas<br \/>17 hs: Guitarra y canciones<br \/>17.30 hs: Flamenco<br \/>Todos los talleres son parte del Centro Cultural Pugliese<br \/>Calle FAQ &#8211; Festival de Arte Queer<br \/>12 hs: Dj Visera &#8211; Rumanians<br \/>14 hs: Ballrom Abierto<br \/>14.15 hs: Paz Berti<br \/>14.50 hs: Lecturas: Michelle Lacroix \/ Caro Unrein \/ Emi F\u00e9lix \/ Alejandro Jedrzejewski<br \/>15.25 hs: Ballrom Abierto<br \/>16 hs: Ibiza Pareo<br \/>17 hs: Leo Garc\u00eda<br \/>Anfitri\u00f3n: Pato Ruiz<br \/>Calle de las Artes Esc\u00e9nicas<br \/>13.10 hs: Nico Gentile<br \/>14 hs: La Polena<br \/>14.50 hs: F\u00e9lix Buenaventura<br \/>15.25 hs: Los Sutotos<br \/>16.20 hs: Las Ramponi<br \/>Espacio Barrios Creativos<br \/>LADOS presenta:<br \/>13.30 hs: Stock de Emergencia, banda en vivo &quot;Lalo Larrosa&quot;<br \/>14 a 17 hs: Arte y dise\u00f1o colectivo &#8211; Fast Fashion<br \/>14 a 17 hs: Hoy pinto con mis abuelos<br \/>Tras Lados, instalaci\u00f3n fotogr\u00e1fica &quot;Mirame&quot;, de Thiago Santos<br \/>Circuito Cultural Santa Mitre presenta:<br \/>12.30 hs: Al Ritmo de Santa Mitre<br \/>Ser Pentario (ensamble musical de improvisaci\u00f3n por se\u00f1as)<br \/>Baila Manada (grupo de danza impro-contempor\u00e1nea)<br \/>D\u00fao &quot;Caminando Tango&#8230; con tus sentidos&quot;<br \/>M\u00e1s artistas de los barrios de Villa Mitre y Santa Rita<br \/>FOV presenta:<br \/>16 hs: Roberto Siri Quinteto<br \/>17.15 hs: Coro \u201cUna que sepamos todos\u201d<br \/>\u201cSin lectura no hay para\u00edso &#8211; Encuentro de lecturas y escrituras\u201d Durante todo el d\u00eda en la Feria de Editoriales<\/p>\n<p>Calle de las Artes Visuales<br \/>Durante todo el d\u00eda participa de las siguientes actividades:<br \/>Memoria Viva de Villa Crespo: Compart\u00ed tu pedacito de historia del barrio. Queremos reconstruir entre todos la memoria colectiva de Villa Crespo para resignificar su profunda identidad. Estamos creando un registro audiovisual para atesorar y difundir la memoria oral del barrio contada por sus protagonistas.\u00a0 <br \/>Enroque &#8211; Experiencias visuales de intercambio: Visita el primer experimento de intercambio barrial entre comercios y galer\u00edas de arte<br \/>Murales: Dos muralistas estar\u00e1n pintando sus obras en vivo<\/p>\n<p>Feria CLIC<br \/>Durante todo el d\u00eda Ven\u00ed a disfrutar de la Feria CLIC, con productores gastron\u00f3micos, de abasto, dise\u00f1o y editoriales del barrio. En caso de lluvia, el evento se reprograma para el domingo 1 de septiembre en el mismo horario<\/p>\n","protected":false},"excerpt":{"rendered":"<p>La Marat\u00f3n de Barrios Creativos ser\u00e1 un d\u00eda de celebraci\u00f3n y encuentro entre los vecinos y la programaci\u00f3n cultural de sus barrios. El s\u00e1bado 31 de agosto, de 12 a 17h, en Av. Corrientes entre Thames y Acevedo, y Gurruchaga y Serrano desde Vera a Camargo. La emblem\u00e1tica murga \u201cLos Movedizos de Villa Crespo\u201d, la [&hellip;]<\/p>\n","protected":false},"author":1,"featured_media":6158,"comment_status":"open","ping_status":"open","sticky":false,"template":"","format":"standard","meta":{"_et_pb_use_builder":"","_et_pb_old_content":"","_et_gb_content_width":"","footnotes":""},"categories":[11,32],"tags":[],"class_list":["post-6157","post","type-post","status-publish","format-standard","has-post-thumbnail","hentry","category-ciudad","category-comunas"],"_links":{"self":[{"href":"https:\/\/vocesdebaires.com.ar\/index.php\/wp-json\/wp\/v2\/posts\/6157"}],"collection":[{"href":"https:\/\/vocesdebaires.com.ar\/index.php\/wp-json\/wp\/v2\/posts"}],"about":[{"href":"https:\/\/vocesdebaires.com.ar\/index.php\/wp-json\/wp\/v2\/types\/post"}],"author":[{"embeddable":true,"href":"https:\/\/vocesdebaires.com.ar\/index.php\/wp-json\/wp\/v2\/users\/1"}],"replies":[{"embeddable":true,"href":"https:\/\/vocesdebaires.com.ar\/index.php\/wp-json\/wp\/v2\/comments?post=6157"}],"version-history":[{"count":0,"href":"https:\/\/vocesdebaires.com.ar\/index.php\/wp-json\/wp\/v2\/posts\/6157\/revisions"}],"wp:featuredmedia":[{"embeddable":true,"href":"https:\/\/vocesdebaires.com.ar\/index.php\/wp-json\/wp\/v2\/media\/6158"}],"wp:attachment":[{"href":"https:\/\/vocesdebaires.com.ar\/index.php\/wp-json\/wp\/v2\/media?parent=6157"}],"wp:term":[{"taxonomy":"category","embeddable":true,"href":"https:\/\/vocesdebaires.com.ar\/index.php\/wp-json\/wp\/v2\/categories?post=6157"},{"taxonomy":"post_tag","embeddable":true,"href":"https:\/\/vocesdebaires.com.ar\/index.php\/wp-json\/wp\/v2\/tags?post=6157"}],"curies":[{"name":"wp","href":"https:\/\/api.w.org\/{rel}","templated":true}]}}