{"id":6170,"date":"2019-08-27T03:00:00","date_gmt":"2019-08-27T06:00:00","guid":{"rendered":"http:\/\/vocesdebaires.com.ar\/wordpress\/index.php\/2019\/08\/27\/escuela-zinny-no-alcanza-para-cubrir-los-gastos\/"},"modified":"2019-08-27T03:00:00","modified_gmt":"2019-08-27T06:00:00","slug":"escuela-zinny-no-alcanza-para-cubrir-los-gastos","status":"publish","type":"post","link":"https:\/\/vocesdebaires.com.ar\/index.php\/2019\/08\/27\/escuela-zinny-no-alcanza-para-cubrir-los-gastos\/","title":{"rendered":"Escuela Zinny: No alcanza para cubrir los gastos"},"content":{"rendered":"<p>La Cooperadora de la Escuela Antonio Zinny de Parque Chacabuco denuncia que los aportes que el Gobierno de Horacio Rodr\u00edguez Larreta debe hacer a trav\u00e9s del Fondo \u00danico Descentralizado de Educaci\u00f3n han sido dr\u00e1sticamente reducidos y no alcanzan para cubrir los gastos. Seg\u00fan detallan, en 2018 recibieron $147.607 y en 2019, $106.931. Con una inflaci\u00f3n del 47,6%, corresponder\u00eda $217.868. Se trata de tres escuelas con 1400 chicos, por lo que est\u00e1n recibiendo $76 por chico por a\u00f1o, una cantidad irrisoria. En consecuencia, aseguran que la escuela p\u00fablica funciona todos los d\u00edas gracias a fondos propios que juntan con ferias del plato, cuotas sociales, festivales, empanadazos, donaciones y colaboraciones de padres de la escuela y la comunidad.<\/p>\n<p>Para ser m\u00e1s precisos, desde la Cooperadora detallaron los gastos hasta julio del corriente a\u00f1o: $13.300 en art\u00edculos de limpieza (lavandina, detergente, gasoil, trapos de piso, papel higi\u00e9nico, desodorante para pisos, cera roja, secadores de piso, guantes, baldes, escobillones, esponjas); $19.200 en art\u00edculos de librer\u00eda (resmas A4\/oficio, cartulinas, afiches, marcadores indelebles, lapiceras, libros de asistencia, libros de actas); $23.068 en el micro educaci\u00f3n f\u00edsica primaria; $22.750 en el alquiler de fotocopiadora; $32.445 para cortinas que ellos mismos cosieron y colocaron; y 21.570 en mantenimiento (bancos y escritorios rotos, arreglo de cerraduras y copia de llaves, colocaci\u00f3n de estantes y otras obras de peque\u00f1a envergadura, compra de tornillos, herramientas, tarugos, pinceles, pintura, pegamentos, herrajes, discos de cortes, lijas, remaches y muchas cosas m\u00e1s que ayudaron a que la escuela este un poco mejor d\u00eda a d\u00eda).<\/p>\n<p>A eso hay que sumarle $22.660 de gastos mensuales fijos de las tres escuelas. El s\u00e1bado pasado Juli\u00e1n Cappa, primer candidato a comunero por Frente de Todos en la Comuna 7, estuvo junto a Miguel \u00c1ngel Viera, con quien comparte la lista, acompa\u00f1ando el evento por el d\u00eda del ni\u00f1o Zinny Lola Peluuuuusa.\u201cPara colmo, frente a los problemas de accesibilidad de la Escuela, el Gobierno de la Ciudad envi\u00f3 una tabla de aglomerado, que no soporta el peso de sillas de ruedas ni tiene barandas\u201d, agreg\u00f3 Cappa, sobre otra demanda de la Escuela Zinny, que ya lleva ocho a\u00f1os pidiendo rampas. Lo que est\u00e1 reclamando la cooperadora es que el gobierno cumpla con algo que Rodr\u00edguez Larreta dijo durante una entrevista period\u00edstica: El mantenimiento de las escuelas lo tiene que garantizar el Estado.<\/p>\n","protected":false},"excerpt":{"rendered":"<p>La Cooperadora de la Escuela Antonio Zinny de Parque Chacabuco denuncia que los aportes que el Gobierno de Horacio Rodr\u00edguez Larreta debe hacer a trav\u00e9s del Fondo \u00danico Descentralizado de Educaci\u00f3n han sido dr\u00e1sticamente reducidos y no alcanzan para cubrir los gastos. Seg\u00fan detallan, en 2018 recibieron $147.607 y en 2019, $106.931. Con una inflaci\u00f3n [&hellip;]<\/p>\n","protected":false},"author":1,"featured_media":0,"comment_status":"open","ping_status":"open","sticky":false,"template":"","format":"standard","meta":{"_et_pb_use_builder":"","_et_pb_old_content":"","_et_gb_content_width":"","footnotes":""},"categories":[11,32],"tags":[],"class_list":["post-6170","post","type-post","status-publish","format-standard","hentry","category-ciudad","category-comunas"],"_links":{"self":[{"href":"https:\/\/vocesdebaires.com.ar\/index.php\/wp-json\/wp\/v2\/posts\/6170"}],"collection":[{"href":"https:\/\/vocesdebaires.com.ar\/index.php\/wp-json\/wp\/v2\/posts"}],"about":[{"href":"https:\/\/vocesdebaires.com.ar\/index.php\/wp-json\/wp\/v2\/types\/post"}],"author":[{"embeddable":true,"href":"https:\/\/vocesdebaires.com.ar\/index.php\/wp-json\/wp\/v2\/users\/1"}],"replies":[{"embeddable":true,"href":"https:\/\/vocesdebaires.com.ar\/index.php\/wp-json\/wp\/v2\/comments?post=6170"}],"version-history":[{"count":0,"href":"https:\/\/vocesdebaires.com.ar\/index.php\/wp-json\/wp\/v2\/posts\/6170\/revisions"}],"wp:attachment":[{"href":"https:\/\/vocesdebaires.com.ar\/index.php\/wp-json\/wp\/v2\/media?parent=6170"}],"wp:term":[{"taxonomy":"category","embeddable":true,"href":"https:\/\/vocesdebaires.com.ar\/index.php\/wp-json\/wp\/v2\/categories?post=6170"},{"taxonomy":"post_tag","embeddable":true,"href":"https:\/\/vocesdebaires.com.ar\/index.php\/wp-json\/wp\/v2\/tags?post=6170"}],"curies":[{"name":"wp","href":"https:\/\/api.w.org\/{rel}","templated":true}]}}