{"id":6178,"date":"2019-08-26T03:00:00","date_gmt":"2019-08-26T06:00:00","guid":{"rendered":"http:\/\/vocesdebaires.com.ar\/wordpress\/index.php\/2019\/08\/26\/larreta-recorrio-las-mejoras-del-autodromo-galvez\/"},"modified":"2019-08-26T03:00:00","modified_gmt":"2019-08-26T06:00:00","slug":"larreta-recorrio-las-mejoras-del-autodromo-galvez","status":"publish","type":"post","link":"https:\/\/vocesdebaires.com.ar\/index.php\/2019\/08\/26\/larreta-recorrio-las-mejoras-del-autodromo-galvez\/","title":{"rendered":"Larreta recorri\u00f3 las mejoras del Aut\u00f3dromo G\u00e1lvez"},"content":{"rendered":"<p>El jefe de Gobierno porte\u00f1o, Horacio Rodr\u00edguez Larreta, recorri\u00f3 el pasado s\u00e1bado\u00a0 las obras del Aut\u00f3dromo Oscar y Juan G\u00e1lvez, que est\u00e1 siendo renovado y revalorizado para incrementar la seguridad de los eventos deportivos, potenciar la realizaci\u00f3n de competencias de primer nivel y favorecer la participaci\u00f3n de los vecinos de la Ciudad a trav\u00e9s de distintas actividades. \u201cEs una emoci\u00f3n ver c\u00f3mo ha mejorado el Aut\u00f3dromo de la Ciudad de Buenos Aires, que es un s\u00edmbolo\u201d, expres\u00f3 Rodr\u00edguez Larreta, acompa\u00f1ado por el vicejefe de Gobierno porte\u00f1o, Diego Santilli, y el presidente de la Asociaci\u00f3n Argentina de Volantes y ex piloto, Juan Mar\u00eda Traverso.<\/p>\n<p>El Jefe de Gobierno destac\u00f3 que \u201chay muchos fierreros en toda la Ciudad y en todo el pa\u00eds\u201d, y por eso la importancia de poner en valor el aut\u00f3dromo, al que defini\u00f3 como \u201cun lugar de encuentro y un lugar del deporte&quot;. Por su parte, Santilli explic\u00f3 que el objetivo es \u201crecuperar el G\u00e1lvez, ponerlo en valor y que la gente pueda venir a disfrutar de un espect\u00e1culo automovil\u00edstico de primer nivel\u201d. En tanto, Traverso asegur\u00f3 que con estos trabajos \u201cel aut\u00f3dromo se recuper\u00f3\u201d y ahora \u201cvamos por el final, por la segunda etapa para terminarlo\u201d.<\/p>\n<p>\u201cLa actividad va a cambiar mucho m\u00e1s de ac\u00e1 en adelante\u201d, agreg\u00f3. Entre las obras realizadas, se construy\u00f3 un muro de hormig\u00f3n armado en el per\u00edmetro del Aut\u00f3dromo, mejorando las defensas en los sectores de impacto.\u00a0 Tambi\u00e9n se construyeron nuevas camas de desaceleraci\u00f3n de velocidad con relleno de leca, mejorando la seguridad en los sectores que presentaban una superficie desnivelada e irregular, y con presencia de agua estancada en los d\u00edas de lluvia.<\/p>\n<p>Adem\u00e1s, se readecuaron las defensas del tipo Flex-Beam (guardarrail) en determinadas zonas del per\u00edmetro de la pista en virtud de los requerimientos t\u00e9cnicos que indican los est\u00e1ndares internacionales.\u00a0 Se reemplazaron 443 grupos de seis neum\u00e1ticos de defensa para reducir los impactos producidos por el despiste de los autos de carrera.\u00a0\u00a0Por \u00faltimo, se colocaron nuevos pianos, reemplazando aquellos que se encontraban en mal estado al presentar fisuras que atentaban contra la estabilidad de los autos de competici\u00f3n, y se realizaron obras de puesta en valor en la zona de boxes y se crearon tres nuevos accesos al aut\u00f3dromo.<\/p>\n<p>En el marco de este proyecto de revalorizaci\u00f3n, durante el primer semestre de 2019 se realizaron 257 eventos con la presencia de m\u00e1s de 30.000 espectadores. De esta manera, el aut\u00f3dromo fue testigo de eventos corporativos con empresas vinculadas al automovilismo y al entretenimiento, de escuelas de manejo y educaci\u00f3n vial para los vecinos y de eventos deportivos de competencias oficiales y de otras competencias como el 1 \/4 de Milla y el Track Day. En el marco de la promoci\u00f3n de la participaci\u00f3n ciudadana en el circuito porte\u00f1o, se llevaron a cabo distintas acciones con los vecinos como el D\u00eda del Padre, Track Day con Vecinos, Tour con Vecinos, Visitas de Escuelas, Experiencia Superbike y Marat\u00f3n 30K, entre muchas otras.<\/p>\n","protected":false},"excerpt":{"rendered":"<p>El jefe de Gobierno porte\u00f1o, Horacio Rodr\u00edguez Larreta, recorri\u00f3 el pasado s\u00e1bado\u00a0 las obras del Aut\u00f3dromo Oscar y Juan G\u00e1lvez, que est\u00e1 siendo renovado y revalorizado para incrementar la seguridad de los eventos deportivos, potenciar la realizaci\u00f3n de competencias de primer nivel y favorecer la participaci\u00f3n de los vecinos de la Ciudad a trav\u00e9s de [&hellip;]<\/p>\n","protected":false},"author":1,"featured_media":0,"comment_status":"open","ping_status":"open","sticky":false,"template":"","format":"standard","meta":{"_et_pb_use_builder":"","_et_pb_old_content":"","_et_gb_content_width":"","footnotes":""},"categories":[11,33],"tags":[],"class_list":["post-6178","post","type-post","status-publish","format-standard","hentry","category-ciudad","category-sociedad-y-cultura-2"],"_links":{"self":[{"href":"https:\/\/vocesdebaires.com.ar\/index.php\/wp-json\/wp\/v2\/posts\/6178"}],"collection":[{"href":"https:\/\/vocesdebaires.com.ar\/index.php\/wp-json\/wp\/v2\/posts"}],"about":[{"href":"https:\/\/vocesdebaires.com.ar\/index.php\/wp-json\/wp\/v2\/types\/post"}],"author":[{"embeddable":true,"href":"https:\/\/vocesdebaires.com.ar\/index.php\/wp-json\/wp\/v2\/users\/1"}],"replies":[{"embeddable":true,"href":"https:\/\/vocesdebaires.com.ar\/index.php\/wp-json\/wp\/v2\/comments?post=6178"}],"version-history":[{"count":0,"href":"https:\/\/vocesdebaires.com.ar\/index.php\/wp-json\/wp\/v2\/posts\/6178\/revisions"}],"wp:attachment":[{"href":"https:\/\/vocesdebaires.com.ar\/index.php\/wp-json\/wp\/v2\/media?parent=6178"}],"wp:term":[{"taxonomy":"category","embeddable":true,"href":"https:\/\/vocesdebaires.com.ar\/index.php\/wp-json\/wp\/v2\/categories?post=6178"},{"taxonomy":"post_tag","embeddable":true,"href":"https:\/\/vocesdebaires.com.ar\/index.php\/wp-json\/wp\/v2\/tags?post=6178"}],"curies":[{"name":"wp","href":"https:\/\/api.w.org\/{rel}","templated":true}]}}