{"id":6266,"date":"2019-01-28T03:00:00","date_gmt":"2019-01-28T06:00:00","guid":{"rendered":"http:\/\/vocesdebaires.com.ar\/wordpress\/index.php\/2019\/01\/28\/escuela-de-ceramica-n-1suspenden-traslado\/"},"modified":"2019-01-28T03:00:00","modified_gmt":"2019-01-28T06:00:00","slug":"escuela-de-ceramica-n-1suspenden-traslado","status":"publish","type":"post","link":"https:\/\/vocesdebaires.com.ar\/index.php\/2019\/01\/28\/escuela-de-ceramica-n-1suspenden-traslado\/","title":{"rendered":"Escuela de Cer\u00e1mica N\u00b0 1:Suspenden traslado"},"content":{"rendered":"<p>El juzgado de feria N\u00b0 2\u00a0 en lo Contencioso, Administrativo y Tributario de la Ciudad de Buenos Aires, a cargo de Guillermo Scheibler, hizo lugar a la medida cautelar que solicit\u00f3 la suspensi\u00f3n, y orden\u00f3 al GCBA \u201cse abstenga de adoptar cualquier decisi\u00f3n o accionar tendiente a materializar el traslado de la Escuela de Cer\u00e1mica\u00a0 N\u00ba 1 al edificio de la Avenida Juan Bautista Alberdi N\u00ba 4139 de esta Ciudad\u201d, solicitado por la titular de la Asesor\u00eda Tutelar N\u00b0 1, Mabel L\u00f3pez Oliva. Todo ello en el marco de los autos caratulados \u201cUni\u00f3n de Trabajadores de la Educaci\u00f3n Capital y Otros contra GCBA sobre Amparo\u201d, Expte. EXP 74519\/2018-0.De acuerdo a lo expresado por los integrantes de UTE, la escuela \u201cse compone de tres trayectos pedag\u00f3gicos: el Bachillerato con Especialidad en Producci\u00f3n Cer\u00e1mica de la Escuela de Cer\u00e1mica, la Tecnicatura en Cer\u00e1mica y la carrera de Auxiliares de Cer\u00e1mica, Vitral y Esmaltado en metal\u201d.<\/p>\n<p>Fue fundada en el a\u00f1o 1940 y se estableci\u00f3 en un edificio hist\u00f3rico incorporado al patrimonio arquitect\u00f3nico, que fue residencia particular del maestro Fernando Arranz. Para decidir el traslado del Bachillerato, el GCBA comunic\u00f3 que \u201cdado que las restantes opciones no lograban satisfacer las necesidades futuras de la Escuela, la Direcci\u00f3n General de Infraestructura Escolar propuso al inmueble recientemente edificado sito en la calle Juan Bautista Alberdi 4139, denominado Polo de las Artes, como alternativa para el Bachillerato en Producci\u00f3n Cer\u00e1mica\u201d.<\/p>\n<p>Por su parte, la asesora tutelar argument\u00f3 acerca del derecho a la informaci\u00f3n de los adolescentes que representa, y reivindic\u00f3 el derecho a expresar su opini\u00f3n destacando \u201cel derecho de los estudiantes de la Escuela de Cer\u00e1mica N\u00b0 1 a recibir de parte del Estado local informaci\u00f3n p\u00fablica adecuada, veraz, completa, y en tiempo oportuno respecto a la planificaci\u00f3n de las autoridades a fin de generar condiciones edilicias adecuadas para todo el colectivo de estudiantes y docentes\u201d. A su vez, tambi\u00e9n relat\u00f3 que la instituci\u00f3n educativa tiene una extensa jornada horaria e indic\u00f3 \u201cque se pretende mudarla a un edificio a m\u00e1s de siete kil\u00f3metros del lugar donde concurren actualmente y del centro de vida de la mayor\u00eda de los estudiantes y de menor accesibilidad\u201d.<\/p>\n<p>Tambi\u00e9n se\u00f1al\u00f3 que el nuevo edificio \u201cPolo de las Artes\u201d, se encuentra a solo dos cuadras de la otra Escuela de Cer\u00e1mica de la Ciudad \u201cFernando Arranz\u201d, por lo que afirm\u00f3 que \u201ces inentendible, injustificado y caprichoso insistir con la mudanza intempestiva de la Escuela de Cer\u00e1mica\u00a0 N\u00ba 1, cuando a menos de tres kil\u00f3metros de donde se pretende mudarla ya hay funcionando otra escuela con igual orientaci\u00f3n\u201d.El magistrado en turno mencion\u00f3 la posici\u00f3n del Centro de Estudiantes de la Escuela de Cer\u00e1mica N\u00ba 1 que manifest\u00f3 que la \u201cdecisi\u00f3n fue tomada de forma inconsulta\u201d. Y resalt\u00f3 \u201cel aproximadamente medio centenar de presentaciones de alumnos, alumnas, padres y madres de la Escuela (documentadas en actas labradas por el Ministerio P\u00fablico Tutelar o por medio de correos electr\u00f3nicos all\u00ed dirigidos)\u201d. Los mismos fueron recibidos en pleno receso escolar, seg\u00fan se desprende de lo comunicado por la titular de la Asesor\u00eda Tutelar N\u00b0 1.<\/p>\n","protected":false},"excerpt":{"rendered":"<p>El juzgado de feria N\u00b0 2\u00a0 en lo Contencioso, Administrativo y Tributario de la Ciudad de Buenos Aires, a cargo de Guillermo Scheibler, hizo lugar a la medida cautelar que solicit\u00f3 la suspensi\u00f3n, y orden\u00f3 al GCBA \u201cse abstenga de adoptar cualquier decisi\u00f3n o accionar tendiente a materializar el traslado de la Escuela de Cer\u00e1mica\u00a0 [&hellip;]<\/p>\n","protected":false},"author":1,"featured_media":6267,"comment_status":"open","ping_status":"open","sticky":false,"template":"","format":"standard","meta":{"_et_pb_use_builder":"","_et_pb_old_content":"","_et_gb_content_width":"","footnotes":""},"categories":[11,33],"tags":[],"class_list":["post-6266","post","type-post","status-publish","format-standard","has-post-thumbnail","hentry","category-ciudad","category-sociedad-y-cultura-2"],"_links":{"self":[{"href":"https:\/\/vocesdebaires.com.ar\/index.php\/wp-json\/wp\/v2\/posts\/6266"}],"collection":[{"href":"https:\/\/vocesdebaires.com.ar\/index.php\/wp-json\/wp\/v2\/posts"}],"about":[{"href":"https:\/\/vocesdebaires.com.ar\/index.php\/wp-json\/wp\/v2\/types\/post"}],"author":[{"embeddable":true,"href":"https:\/\/vocesdebaires.com.ar\/index.php\/wp-json\/wp\/v2\/users\/1"}],"replies":[{"embeddable":true,"href":"https:\/\/vocesdebaires.com.ar\/index.php\/wp-json\/wp\/v2\/comments?post=6266"}],"version-history":[{"count":0,"href":"https:\/\/vocesdebaires.com.ar\/index.php\/wp-json\/wp\/v2\/posts\/6266\/revisions"}],"wp:featuredmedia":[{"embeddable":true,"href":"https:\/\/vocesdebaires.com.ar\/index.php\/wp-json\/wp\/v2\/media\/6267"}],"wp:attachment":[{"href":"https:\/\/vocesdebaires.com.ar\/index.php\/wp-json\/wp\/v2\/media?parent=6266"}],"wp:term":[{"taxonomy":"category","embeddable":true,"href":"https:\/\/vocesdebaires.com.ar\/index.php\/wp-json\/wp\/v2\/categories?post=6266"},{"taxonomy":"post_tag","embeddable":true,"href":"https:\/\/vocesdebaires.com.ar\/index.php\/wp-json\/wp\/v2\/tags?post=6266"}],"curies":[{"name":"wp","href":"https:\/\/api.w.org\/{rel}","templated":true}]}}