{"id":6270,"date":"2019-01-28T03:00:00","date_gmt":"2019-01-28T06:00:00","guid":{"rendered":"http:\/\/vocesdebaires.com.ar\/wordpress\/index.php\/2019\/01\/28\/larreta-presento-la-12-edicion-del-fiba\/"},"modified":"2019-01-28T03:00:00","modified_gmt":"2019-01-28T06:00:00","slug":"larreta-presento-la-12-edicion-del-fiba","status":"publish","type":"post","link":"https:\/\/vocesdebaires.com.ar\/index.php\/2019\/01\/28\/larreta-presento-la-12-edicion-del-fiba\/","title":{"rendered":"Larreta present\u00f3 la 12\u00b0 edici\u00f3n del FIBA"},"content":{"rendered":"<p>El jefe de Gobierno porte\u00f1o, Horacio Rodr\u00edguez Larreta, present\u00f3 la semana pasada la duod\u00e9cima edici\u00f3n del Festival Internacional de Buenos Aires (FIBA), que comenz\u00f3 ayer y se desarrollar\u00e1 hasta el 3 de febrero en la Ciudad.&quot;\u00c9ste es un FIBA diferente, que va en la l\u00ednea de la movida que queremos en la Ciudad, que es que la cultura est\u00e9 en la calle&quot;, expres\u00f3 Rodr\u00edguez Larreta.Esta edici\u00f3n ofrecer\u00e1 una novedosa programaci\u00f3n con nuevas secciones, espect\u00e1culos y obras de teatro y de danza, entre otras actividades, acercando lo mejor de las artes esc\u00e9nicas nacionales e internacionales a los vecinos, con propuestas al aire libre.<\/p>\n<p>Adem\u00e1s, el Jefe de Gobierno porte\u00f1o indic\u00f3 que &quot;la idea es que puedan disfrutarlo tanto los vecinos como los turistas&quot;, y agreg\u00f3: &quot;Antes el festival era cerrado, y ahora est\u00e1 abierto para todos&quot;. &quot;Adem\u00e1s lo hicimos por primera vez en enero, para que vengan m\u00e1s y m\u00e1s turistas a la Ciudad&quot;, sostuvo.En esa l\u00ednea reconoci\u00f3 que el FIBA es &quot;uno de los puntos m\u00e1s fuertes de la temporada de verano&quot; y resalt\u00f3 tambi\u00e9n las iniciativas de &quot;Buenos Aires Playa y el Autocine&quot;.De la actividad tambi\u00e9n participaron el jefe de Gabinete porte\u00f1o, Felipe Miguel; el ministro de Cultura, Enrique Avogadro, y la subsecretaria de Gesti\u00f3n Cultural, Viviana Cantoni.<\/p>\n<p>Por su parte, Avogadro dijo que &quot;la gran novedad de esta edici\u00f3n es la Marat\u00f3n Abasto, que ofrece 150 espect\u00e1culos en salas, bares y espacios no tradicionales como peluquer\u00edas y lavaderos del barrio&quot;.&quot;Durante el pasado jueves 24 y viernes 25 de enero los espect\u00e1culos fueron totalmente gratuitos&quot;.A su vez,&quot;la Ciudad dispone de 59 sedes para que todos los vecinos puedan disfrutar esta iniciativa&quot;. El FIBA es un festival de teatro, danza, m\u00fasica y artes visuales contempor\u00e1neas que se convirti\u00f3 en uno de los eventos culturales m\u00e1s importantes de la Ciudad y de toda la regi\u00f3n.<\/p>\n<p>Se destaca tanto por las visitas internacionales como por la capacidad de ofrecer una selecci\u00f3n de las producciones nacionales m\u00e1s relevantes que posteriormente representar\u00e1n al pa\u00eds en las salas, los festivales y los eventos esc\u00e9nicos m\u00e1s importantes del mundo.A su vez, por primera vez en su historia toma al verano porte\u00f1o como marco para la exhibici\u00f3n y producci\u00f3n de sus propuestas al aire libre. De esta manera se busca llegar a nuevos p\u00fablicos que, no acostumbrados a consumir artes esc\u00e9nicas, encuentren propuestas art\u00edsticas de calidad de las que tambi\u00e9n puedan ser parte.<\/p>\n<p>Adem\u00e1s,el jueves 24 y viernes 25 de enero, el FIBA desarrollo una nueva secci\u00f3n en la que invit\u00f3 a todos los vecinos del Abasto a participar de una propuesta innovadora.El barrio ser\u00e1 el escenario en el que artistas, productores y programadores se encontrar\u00e1n con un p\u00fablico diverso para ofrecerle sus mejores productos art\u00edsticos de una manera totalmente gratuita: teatros, bares, restaurantes, eventos musicales e instalaciones visuales ser\u00e1n parte de la transformaci\u00f3n del Abasto, potenciando su car\u00e1cter din\u00e1mico y multicultural.<\/p>\n<p>Desde la edici\u00f3n pasada, el FIBA est\u00e1 buscando expandir su p\u00fablico uniendo a los espectadores m\u00e1s fieles con los espectadores ocasionales. La idea es promover el acercamiento de las artes esc\u00e9nicas con los distintos barrios y espacios de la Ciudad como plazas, parques, calles y bares. Asimismo, en el marco del festival, el Teatro Col\u00f3n proyectar\u00e1 cuatro grandes \u00e9xitos del 2018 (las \u00f3peras A\u00edda y La Boh\u00e9me, el ballet Coppelia y el concierto de la Orquesta Filarm\u00f3nica de Buenos Aires) en una pantalla gigante ubicada en la Plaza Vaticano, este jueves 24, viernes 25, s\u00e1bado 26 y domingo 27 de enero a las 20.00.<\/p>\n","protected":false},"excerpt":{"rendered":"<p>El jefe de Gobierno porte\u00f1o, Horacio Rodr\u00edguez Larreta, present\u00f3 la semana pasada la duod\u00e9cima edici\u00f3n del Festival Internacional de Buenos Aires (FIBA), que comenz\u00f3 ayer y se desarrollar\u00e1 hasta el 3 de febrero en la Ciudad.&quot;\u00c9ste es un FIBA diferente, que va en la l\u00ednea de la movida que queremos en la Ciudad, que es [&hellip;]<\/p>\n","protected":false},"author":1,"featured_media":6271,"comment_status":"open","ping_status":"open","sticky":false,"template":"","format":"standard","meta":{"_et_pb_use_builder":"","_et_pb_old_content":"","_et_gb_content_width":"","footnotes":""},"categories":[11,33],"tags":[],"class_list":["post-6270","post","type-post","status-publish","format-standard","has-post-thumbnail","hentry","category-ciudad","category-sociedad-y-cultura-2"],"_links":{"self":[{"href":"https:\/\/vocesdebaires.com.ar\/index.php\/wp-json\/wp\/v2\/posts\/6270"}],"collection":[{"href":"https:\/\/vocesdebaires.com.ar\/index.php\/wp-json\/wp\/v2\/posts"}],"about":[{"href":"https:\/\/vocesdebaires.com.ar\/index.php\/wp-json\/wp\/v2\/types\/post"}],"author":[{"embeddable":true,"href":"https:\/\/vocesdebaires.com.ar\/index.php\/wp-json\/wp\/v2\/users\/1"}],"replies":[{"embeddable":true,"href":"https:\/\/vocesdebaires.com.ar\/index.php\/wp-json\/wp\/v2\/comments?post=6270"}],"version-history":[{"count":0,"href":"https:\/\/vocesdebaires.com.ar\/index.php\/wp-json\/wp\/v2\/posts\/6270\/revisions"}],"wp:featuredmedia":[{"embeddable":true,"href":"https:\/\/vocesdebaires.com.ar\/index.php\/wp-json\/wp\/v2\/media\/6271"}],"wp:attachment":[{"href":"https:\/\/vocesdebaires.com.ar\/index.php\/wp-json\/wp\/v2\/media?parent=6270"}],"wp:term":[{"taxonomy":"category","embeddable":true,"href":"https:\/\/vocesdebaires.com.ar\/index.php\/wp-json\/wp\/v2\/categories?post=6270"},{"taxonomy":"post_tag","embeddable":true,"href":"https:\/\/vocesdebaires.com.ar\/index.php\/wp-json\/wp\/v2\/tags?post=6270"}],"curies":[{"name":"wp","href":"https:\/\/api.w.org\/{rel}","templated":true}]}}