{"id":6283,"date":"2019-12-31T03:00:00","date_gmt":"2019-12-31T06:00:00","guid":{"rendered":"http:\/\/vocesdebaires.com.ar\/wordpress\/index.php\/2019\/12\/31\/presentaron-el-operativo-sol-2019-2020-bonaerense\/"},"modified":"2019-12-31T03:00:00","modified_gmt":"2019-12-31T06:00:00","slug":"presentaron-el-operativo-sol-2019-2020-bonaerense","status":"publish","type":"post","link":"https:\/\/vocesdebaires.com.ar\/index.php\/2019\/12\/31\/presentaron-el-operativo-sol-2019-2020-bonaerense\/","title":{"rendered":"Presentaron el Operativo Sol 2019-2020 bonaerense"},"content":{"rendered":"<p>El ministro de Seguridad de la provincia de Buenos Aires, Sergio Berni, present\u00f3 el Operativo Sol 2019-2020 en un acto realizado ayer lunes en Mar del Plata. &quot;Les pido a los se\u00f1ores jefes que est\u00e9n permanentemente cuidando a cada uno de los efectivos y que les trasmitan, no solamente su experiencia, sino tambi\u00e9n esa pasi\u00f3n por llevar adelante esta profesi\u00f3n&quot;, asegur\u00f3 el titular de la cartera de Seguridad acompa\u00f1ado por la ministra de Desarrollo de la Comunidad de la provincia de Buenos Aires, Fernanda Raverta y el intendente de General Pueyrred\u00f3n, Guillermo Montenegro.<\/p>\n<p>&quot;No tengo dudas que, gracias al compromiso, entrega, responsabilidad y vocaci\u00f3n de servicio, cuidaremos a los turistas para garantizarles paz y tranquilidad&quot;, indic\u00f3 el Ministro. En este sentido, Berni asegur\u00f3 que &quot;los efectivos policiales afectados al despliegue contar\u00e1n con los recursos materiales y tecnol\u00f3gicos necesarios&quot; para prevenir accidentes y luchar contra el delito en m\u00e1s de mil kil\u00f3metros costeros y 40 localidades. El Operativo Sol abarca la Costa Atl\u00e1ntica y Sudeste bonaerense (Tandil, Bah\u00eda Blanca, Tres Arroyos), en el que estar\u00e1n afectados m\u00e1s de 12.500 numerarios de la Polic\u00eda provincial.<\/p>\n<p>Tambi\u00e9n se contar\u00e1 con 1.110 medios log\u00edsticos afectados, que incluye 200 autos, 505 camionetas, 311 motos, 47 m\u00f3viles (camiones, combis, autobombas, camionetas), 40 cuatriciclos y UTV, dos helic\u00f3pteros, 124 caballos y canes antinarc\u00f3ticos. Cabe mencionar que el desempe\u00f1o del personal policial ser\u00e1 auditado por la unidad de Control Disciplinario. En el acto, que se llev\u00f3 a cabo en la Plazoleta Almirante Brown de Mar del Plata, estuvieron presentes el subcoordinador General Operativo a cargo de la Superintendencia General de la Polic\u00eda, comisario General Daniel Garc\u00eda; intendentes de la regi\u00f3n, autoridades policiales y funcionarios provinciales y comunales, entre otros.\u200b<\/p>\n","protected":false},"excerpt":{"rendered":"<p>El ministro de Seguridad de la provincia de Buenos Aires, Sergio Berni, present\u00f3 el Operativo Sol 2019-2020 en un acto realizado ayer lunes en Mar del Plata. &quot;Les pido a los se\u00f1ores jefes que est\u00e9n permanentemente cuidando a cada uno de los efectivos y que les trasmitan, no solamente su experiencia, sino tambi\u00e9n esa pasi\u00f3n [&hellip;]<\/p>\n","protected":false},"author":1,"featured_media":6284,"comment_status":"open","ping_status":"open","sticky":false,"template":"","format":"standard","meta":{"_et_pb_use_builder":"","_et_pb_old_content":"","_et_gb_content_width":"","footnotes":""},"categories":[34,13],"tags":[],"class_list":["post-6283","post","type-post","status-publish","format-standard","has-post-thumbnail","hentry","category-politica","category-provincia"],"_links":{"self":[{"href":"https:\/\/vocesdebaires.com.ar\/index.php\/wp-json\/wp\/v2\/posts\/6283"}],"collection":[{"href":"https:\/\/vocesdebaires.com.ar\/index.php\/wp-json\/wp\/v2\/posts"}],"about":[{"href":"https:\/\/vocesdebaires.com.ar\/index.php\/wp-json\/wp\/v2\/types\/post"}],"author":[{"embeddable":true,"href":"https:\/\/vocesdebaires.com.ar\/index.php\/wp-json\/wp\/v2\/users\/1"}],"replies":[{"embeddable":true,"href":"https:\/\/vocesdebaires.com.ar\/index.php\/wp-json\/wp\/v2\/comments?post=6283"}],"version-history":[{"count":0,"href":"https:\/\/vocesdebaires.com.ar\/index.php\/wp-json\/wp\/v2\/posts\/6283\/revisions"}],"wp:featuredmedia":[{"embeddable":true,"href":"https:\/\/vocesdebaires.com.ar\/index.php\/wp-json\/wp\/v2\/media\/6284"}],"wp:attachment":[{"href":"https:\/\/vocesdebaires.com.ar\/index.php\/wp-json\/wp\/v2\/media?parent=6283"}],"wp:term":[{"taxonomy":"category","embeddable":true,"href":"https:\/\/vocesdebaires.com.ar\/index.php\/wp-json\/wp\/v2\/categories?post=6283"},{"taxonomy":"post_tag","embeddable":true,"href":"https:\/\/vocesdebaires.com.ar\/index.php\/wp-json\/wp\/v2\/tags?post=6283"}],"curies":[{"name":"wp","href":"https:\/\/api.w.org\/{rel}","templated":true}]}}