{"id":6312,"date":"2018-11-16T03:00:00","date_gmt":"2018-11-16T06:00:00","guid":{"rendered":"http:\/\/vocesdebaires.com.ar\/wordpress\/index.php\/2018\/11\/16\/mataderosprimer-aval-para-plan-urbanistico\/"},"modified":"2018-11-16T03:00:00","modified_gmt":"2018-11-16T06:00:00","slug":"mataderosprimer-aval-para-plan-urbanistico","status":"publish","type":"post","link":"https:\/\/vocesdebaires.com.ar\/index.php\/2018\/11\/16\/mataderosprimer-aval-para-plan-urbanistico\/","title":{"rendered":"Mataderos:Primer aval para plan urban\u00edstico"},"content":{"rendered":"<p>\u00a0<br \/>\nCon el voto afirmativo del oficialismo, el Bloque Peronista, el Partido Socialista y el Gen, la Legislatura de la Ciudad de Buenos Aires aprob\u00f3 ayer en primera instancia el proyecto oficial de urbanizaci\u00f3n en 34 hect\u00e1reas del barrio de Mataderos (Comuna 9), donde hoy funciona el Mercado de Hacienda, que ser\u00e1 mudado a la jurisdicci\u00f3n bonaerense de Ca\u00f1uelas. \u00abSi aspiramos a construir una ciudad cada vez m\u00e1s integrada y equilibrada tanto en t\u00e9rminos urban\u00edsticos como sociales, debemos seguir dirigiendo nuestros esfuerzos a desarrollar la zona sur\u00bb, sostuvo el jefe de la bancada Vamos Juntos, Agust\u00edn Forchieri, despu\u00e9s de explicar los ejes centrales de la iniciativa.<br \/>\n\u00abCompletar el tejido urbano hoy interrumpido por un equipamiento de grandes dimensiones que act\u00faa como barrera urbana; modificar usos para favorecer la vida urbana; propiciar la instalaci\u00f3n de equipamiento institucional, para seguir acercando el estado a la gente y en especial, a quienes m\u00e1s lo necesitan; adoptar de norma a los establecimientos educativos existentes y permitir la instalaci\u00f3n de nuevos establecimientos; proteger la identidad del barrio ligada a lo rural; potenciar el atractivo tur\u00edstico que tiene la zona, generando un polo de esparcimiento y disfrute para vecinos y visitantes con impacto positivo en la econom\u00eda\u00bb, todos esos fueron los principales fundamentos explicitados por Forchieri y Daniel del Sol (VJ)<br \/>\nA su vez, el bloque peronista que conduce Mar\u00eda Rosa Mui\u00f1os, el socialismo de Roy Cortina y el Gen de Sergio Abrevaya, celebraron los acuerdos logrados con Vamos Juntos que permitieron \u00abmejorar\u00bb el proyecto original, incorpor\u00e1ndole un sentido social y educativo, con beneficios para los actuales residentes en el barrio.A\u00fan con los cambios, Unidad Ciudadana vot\u00f3 en contra y su posici\u00f3n fue explicitada por el legislador Javier Andrade, ya que hubo art\u00edculos referidos a viviendas sociales y establecimientos educativos, que fueron votados favorablemente en el tratamiento en particular. Los bloques de izquierda, en tanto, votaron absolutamente por la negativa, en general y particular.<br \/>\nEl plan para revitalizar un barrio hist\u00f3rico<br \/>\nLa ley en tratamiento deber\u00e1 pasar ahora por el requisito constitucional de Audiencia P\u00fablica, tras lo cual ser\u00e1 sometida a una segunda votaci\u00f3n para ser sancionada.El primer art\u00edculo habla de \u00abdesarrollo e integraci\u00f3n urbana\u00bb de un pol\u00edgono delimitado por las calles Rod\u00f3, Lisandro de la Torre, Eva Per\u00f3n y Murguiondo, que representa unas 40 hect\u00e1reas o manzanas. All\u00ed se prev\u00e9 la urbanizaci\u00f3n, creaci\u00f3n de espacios p\u00fablicos con un parque tem\u00e1tico, lugares de entretenimiento, locales gastron\u00f3micos, establecimientos educativos y espacios culturales referidos a lo rural. De todas las tierras que hoy son del Estado Nacional, la Ciudad recibir\u00e1 a t\u00edtulo gratuito la transferencia de al menos 65 por ciento para utilidad p\u00fablica.<br \/>\nLas obras tienen en cuenta la localizaci\u00f3n del arroyo Cilda\u00f1ez, a fin de planificar infraestructura hidr\u00e1ulica que prevenga inundaciones o ascensos de napas fre\u00e1ticas, as\u00ed como correcciones al curso de agua natural.Un m\u00ednimo 10 por ciento de las unidades habitacionales que se construyan en el tercio de los terrenos que vender\u00e1 el Estado Nacional para la construcci\u00f3n inmobiliaria, deber\u00e1 ser cedido gratuitamente al Instituto de Vivienda de la Ciudad para destinarse a vivienda social accesible para los vecinos de Mataderos con m\u00e1s de 5 a\u00f1os de residencia en el barrio.El suelo que estar\u00e1 sujeto a concesi\u00f3n para obras, no podr\u00e1 superar el 20 % del predio delimitado por Directorio, Murguiondo, De la Torre y Eva Per\u00f3n.<br \/>\nDeber\u00e1 destinarse una superficie para una escuela secundaria, una infantil de jornada extendida y se gestionar\u00e1 ante la Universidad de Buenos Aires, para instalar una sede del Ciclo B\u00e1sico Com\u00fan universitario.La ley aprobada contempla tambi\u00e9n la resoluci\u00f3n del problema habitacional que afrontar\u00e1n las 23 familias asentadas en edificios administrativos de un antiguo matadero. La nueva urbanizaci\u00f3n se dividir{a en una zona de equipamiento educativo, con una superficie edificable de 20.000 m2 (40% de suelo ocupado y 60% libre); una zona de equipamiento institucional de 60.000 m2, (80 % de edificios); una zona de equipamiento recreativo, donde se debe garantizar un 50 % de espacio verde absorbente con 70.000 m2 de \u00e1rea verde y parquizaci\u00f3n de uso p\u00fablico irrestricto.<\/p>\n","protected":false},"excerpt":{"rendered":"<p>\u00a0 Con el voto afirmativo del oficialismo, el Bloque Peronista, el Partido Socialista y el Gen, la Legislatura de la Ciudad de Buenos Aires aprob\u00f3 ayer en primera instancia el proyecto oficial de urbanizaci\u00f3n en 34 hect\u00e1reas del barrio de Mataderos (Comuna 9), donde hoy funciona el Mercado de Hacienda, que ser\u00e1 mudado a la [&hellip;]<\/p>\n","protected":false},"author":1,"featured_media":6313,"comment_status":"open","ping_status":"open","sticky":false,"template":"","format":"standard","meta":{"_et_pb_use_builder":"","_et_pb_old_content":"","_et_gb_content_width":"","footnotes":""},"categories":[11,32],"tags":[],"class_list":["post-6312","post","type-post","status-publish","format-standard","has-post-thumbnail","hentry","category-ciudad","category-comunas"],"_links":{"self":[{"href":"https:\/\/vocesdebaires.com.ar\/index.php\/wp-json\/wp\/v2\/posts\/6312"}],"collection":[{"href":"https:\/\/vocesdebaires.com.ar\/index.php\/wp-json\/wp\/v2\/posts"}],"about":[{"href":"https:\/\/vocesdebaires.com.ar\/index.php\/wp-json\/wp\/v2\/types\/post"}],"author":[{"embeddable":true,"href":"https:\/\/vocesdebaires.com.ar\/index.php\/wp-json\/wp\/v2\/users\/1"}],"replies":[{"embeddable":true,"href":"https:\/\/vocesdebaires.com.ar\/index.php\/wp-json\/wp\/v2\/comments?post=6312"}],"version-history":[{"count":0,"href":"https:\/\/vocesdebaires.com.ar\/index.php\/wp-json\/wp\/v2\/posts\/6312\/revisions"}],"wp:featuredmedia":[{"embeddable":true,"href":"https:\/\/vocesdebaires.com.ar\/index.php\/wp-json\/wp\/v2\/media\/6313"}],"wp:attachment":[{"href":"https:\/\/vocesdebaires.com.ar\/index.php\/wp-json\/wp\/v2\/media?parent=6312"}],"wp:term":[{"taxonomy":"category","embeddable":true,"href":"https:\/\/vocesdebaires.com.ar\/index.php\/wp-json\/wp\/v2\/categories?post=6312"},{"taxonomy":"post_tag","embeddable":true,"href":"https:\/\/vocesdebaires.com.ar\/index.php\/wp-json\/wp\/v2\/tags?post=6312"}],"curies":[{"name":"wp","href":"https:\/\/api.w.org\/{rel}","templated":true}]}}