{"id":6369,"date":"2018-05-28T03:00:00","date_gmt":"2018-05-28T06:00:00","guid":{"rendered":"http:\/\/vocesdebaires.com.ar\/wordpress\/index.php\/2018\/05\/28\/villa-olimpica-nombres-a-calles-y-espacios-verdes\/"},"modified":"2018-05-28T03:00:00","modified_gmt":"2018-05-28T06:00:00","slug":"villa-olimpica-nombres-a-calles-y-espacios-verdes","status":"publish","type":"post","link":"https:\/\/vocesdebaires.com.ar\/index.php\/2018\/05\/28\/villa-olimpica-nombres-a-calles-y-espacios-verdes\/","title":{"rendered":"Villa Ol\u00edmpica: Nombres a calles y espacios verdes"},"content":{"rendered":"<p>\u00a0<br \/>\nEl Cuerpo parlamentario de la Ciudad Aut\u00f3noma de Buenos Aires aprob\u00f3 en primera lectura la ley que impone nombres a calles, avenidas, espacios verdes y espacios p\u00fablicos del nuevo distrito Villa Ol\u00edmpica que se encuentra en la Comuna 8.Se denomin\u00f3 Bulevar \u00abOl\u00edmpico Jos\u00e9 B. Zubiaur\u00bb a la calle principal paralela a la avenida Escalada, que se extiende desde su intersecci\u00f3n con Pascual P\u00e9rez hasta la calle Carlos Enrique D\u00edaz S\u00e1enz Valiente, se\u00f1alizada como punto 1 en el gr\u00e1fico anexo.Zubiaur naci\u00f3 en Paran\u00e1 -Entre R\u00edos- el 31 de marzo de 1856. Fue educador, promotor de la educaci\u00f3n f\u00edsica y el deporte ol\u00edmpico. Rector del Colegio Nacional de Concepci\u00f3n del Uruguay entre 1892-1899 y Director General de Escuelas de la Provincia de Corrientes. Impuls\u00f3 la Asociaci\u00f3n educativa \u00abLa Fraternidad\u00bb y fund\u00f3 la revista de Educaci\u00f3n. Integr\u00f3 la delegaci\u00f3n argentina en la Exposici\u00f3n Internacional de Paris de 1889 donde conoci\u00f3 al Bar\u00f3n Pierre Coubertin, quien lo convoc\u00f3 a formar parte del primer Comit\u00e9 Ol\u00edmpico Internacional -COI- siendo el \u00fanico representante iberoamericano entre 1894 y 1907. Falleci\u00f3 en Buenos Aires el 6 de septiembre de 1921.<br \/>\nEn tanto, se denomin\u00f3 \u00ab23 de Junio\u00bb a la calle paralela al citado Bulevar Ol\u00edmpico, desde Pascual P\u00e9rez hasta la calle Carlos Enrique D\u00edaz S\u00e1enz Valiente, seg\u00fan lo se\u00f1alizado como punto 2.La fecha se introdujo en 1948 para conmemorar el nacimiento de los modernos Juegos Ol\u00edmpicos, el 23 de junio de 1894. Ese d\u00eda se realizan actividades deportivas, exhibiciones, seminarios educativos, etc. que congregan a gran cantidad de j\u00f3venes y adultos con el objetivo de contribuir a difundir los ideales ol\u00edmpicos en todo el mundo.\u00bbPascual P\u00e9rez\u00bb se llama la calle que se extiende desde su intersecci\u00f3n con Escalada hasta la arteria \u00ab23 de Junio\u00bb, seg\u00fan lo se\u00f1alizado como punto 3 en el gr\u00e1fico adjunto.P\u00e9rez naci\u00f3 el 4 de marzo de 1926 en Rodeo del Medio &#8211; Mendoza. Fue el primer Campe\u00f3n Mundial peso Mosca Argentino en 1954 t\u00edtulo obtuvo en Jap\u00f3n y conserv\u00f3 hasta 1960. Campe\u00f3n Ol\u00edmpico en los juegos de Londres del a\u00f1o 1948. Protagoniz\u00f3 125 combates como amateur, logr\u00f3 16 campeonatos y a los 26 a\u00f1os debut\u00f3 como boxeador profesional obteniendo dos campeonatos. Falleci\u00f3 el 22 de enero de 1977 en nuestra ciudad.<br \/>\nSe denomina \u00abDelfo Cabrera\u00bb a la calle que va desde su intersecci\u00f3n con la avenida Escalada hasta \u00ab23 de Junio\u00bb, se\u00f1alizada como punto 4.Cabrera naci\u00f3 el 2 de abril de 1919 en Armstrong &#8211; Provincia de Santa Fe. Atleta especializado en pruebas de larga distancia. Como maratonista gan\u00f3 una medalla de oro en los Juegos Ol\u00edmpicos de Londres en 1948, con una inolvidable final al superar dentro del estadio de Wembley al l\u00edder, siendo que hab\u00eda comenzado la carrera en los \u00faltimos puestos. En 1951 se consagr\u00f3 campe\u00f3n en los juegos panamericanos que desarroll\u00f3 la ciudad de Buenos Aires. Fue presidente del COI Argentina y empleado del Jard\u00edn Bot\u00e1nico.Por otra parte, pasa a denominarse \u00abHumberto Selvetti\u00bb la calle desde su intersecci\u00f3n con Escalada hasta 23 de Junio, punto 5.Naci\u00f3 en Col\u00f3n -Entre R\u00edos- el 31 de marzo de 1932. Destacado pesista, logr\u00f3 la medalla de bronce en los Juegos Ol\u00edmpicos de Helsinki en 1952, cuatro a\u00f1os despu\u00e9s en los Juegos Ol\u00edmpicos de Melbourne obtuvo la medalla de plata y en 1953 el tercer puesto en el mundial de Estocolmo, el segundo puesto en los Juegos Panamericanos de M\u00e9xico en 1955 y el subcampeonato del mundial desarrollado en Teher\u00e1n en 1957. Posteriormente se destac\u00f3 como actor. Falleci\u00f3 en Wilde -B- en 1992. \u00abAlberto Zorrilla\u00bb es la nomenclatura de la calle que se extiende desde su intersecci\u00f3n con Escalada hasta 23 de Junio, se\u00f1alizada como punto 6 en el gr\u00e1fico anexo.<br \/>\nAlberto Zorrilla (1906-1986) fue nadador, primer campe\u00f3n ol\u00edmpico de Sudam\u00e9rica y \u00fanico de Argentina. Gan\u00f3 los 400 metros libres en los Juegos Ol\u00edmpicos de \u00c1msterdam, en 1928. Primera medalla de oro de su especialidad en el pa\u00eds. En 1932 fue elegido abanderado de la delegaci\u00f3n argentina en los juegos de 1932 efectuados en Los \u00c1ngeles. Se radic\u00f3 en Estados Unidos en 1927, adoptando su nacionalidad en 1954. En 1980 obtuvo el reconocimiento de la fundaci\u00f3n Konex con el diploma al m\u00e9rito.Se llamar\u00e1 \u00abJeanette Campbell\u00bb a la calle que va desde la intersecci\u00f3n con Escalada hasta 23 de Junio, punto 7.Jeanette Campbell (1916-2003) fue la primera mujer en ganar una medalla ol\u00edmpica en nuestro pa\u00eds. En los juegos de Berl\u00edn de 1936 obtuvo la medalla de plata en los 200 metros libres, estableciendo el r\u00e9cord sudamericano. Fue tres veces campeona sudamericana en 400 metros libres (1935, 1938 y 1939). Elegida abanderada de los juegos de Tokio en 1964. Reconocida con el diploma de honor de la Fundaci\u00f3n Konex en 1980 y el premio Konex de Platino en 1990.Adem\u00e1s, se denomina \u00abFrancisco Camet\u00bb la calle desde su intersecci\u00f3n con Escalada hasta 23 de Junio, se\u00f1alizada como punto 8.<br \/>\nFrancisco Camet (1876-1931): esgrimista y primer argentino en participar en los Juegos Ol\u00edmpicos de Par\u00eds en el a\u00f1o 1900, donde obtuvo el quinto lugar y diploma en espada individual logrando nuestra delegaci\u00f3n nacional el sexto puesto en la categor\u00eda Esgrima.\u00bbAlberto Demiddi\u00bb es el nombre de la calle que se extiende desde su intersecci\u00f3n con Escalada hasta 23 de Junio, seg\u00fan lo graficado como punto 9 en el anexo.Alberto Demiddi (1944 -2000) logr\u00f3 medalla de plata en remo single en los Juegos de M\u00fanich de 1972. En los de Tokio (1964) finaliz\u00f3 cuarto y en los de M\u00e9xico (1968) obtuvo la medalla de bronce. Consigui\u00f3 el oro en los juegos panamericanos de Winnipeg (1967) y en Cali (1971). Premio Olimpia de oro en 1969 y 1971. En 1980, Konex de platino en la categor\u00eda remo y en el 2010 diploma de honor. Y finalmente, se llama \u00abCarlos Enrique D\u00edaz S\u00e1enz Valiente\u00bb a la arteria que se extiende desde su intersecci\u00f3n con la avenida Escalada hasta la calle 23 de Junio, se\u00f1alizada como punto 10.D\u00edaz S\u00e1enz Valiente (1917- 1956) fue un deportista dedicado al tiro y al automovilismo. Campe\u00f3n del mundo con r\u00e9cord mundial y gan\u00f3 la medalla de plata en los Juegos Ol\u00edmpicos de Londres (1948) en la prueba de 25 metros con pistola r\u00e1pida. En los Juegos Panamericanos de 1955 en M\u00e9xico, gan\u00f3 la medalla de oro con nuevo r\u00e9cord mundial en la prueba individual y la medalla de plata en la competencia por equipos. Como automovilista fue campe\u00f3n argentino sport y en 1955 en los 1000 kil\u00f3metros de Buenos Aires en pareja con Jos\u00e9 Mar\u00eda Ib\u00e1\u00f1ez.<br \/>\nDurante el tratamiento en el recinto la legisladora Mar\u00eda Rosa Mui\u00f1os solicit\u00f3 votacional argumentando que \u00abla propuesta de nomenclatura no fue suficientemente participada por los vecinos sino surgi\u00f3 de BA Elige que le falta el respeto a la ciudadan\u00eda\u00bb. Explic\u00f3 que \u00abse despach\u00f3 ayer en comisi\u00f3n y contiene la nomenclatura que quiso el programa que dirige el Ejecutivo a trav\u00e9s de la subsecretar\u00eda de Comunicaci\u00f3n. No hay participaci\u00f3n real\u00bb. En el mismo sentido se expres\u00f3 la legisladora Paula Penacca (UC).Sobre las bancas estuvo el dictamen \u00fanico que elev\u00f3 la Comisi\u00f3n de Cultura, seg\u00fan indic\u00f3 la Secretar\u00eda Parlamentaria, a partir de un expediente iniciado por los diputados Cristina Garc\u00eda, Daniel Eduardo Del Sol, Agust\u00edn Forchieri y Paola Vanesa Michielotto (VJ) y otro agregado por vecinos de la propia Comuna 8. La ley result\u00f3 aprobada con 32 votos afirmativos, 14 negativos y 11 abstenciones. Antes de la segunda lectura por el Pleno deber\u00e1 cumplirse con la realizaci\u00f3n de Audiencia P\u00fablica dispuesta en los art\u00edculos 89 inc. 3 y 90 de la Constituci\u00f3n de la Ciudad Aut\u00f3noma de Buenos Aires.<\/p>\n","protected":false},"excerpt":{"rendered":"<p>\u00a0 El Cuerpo parlamentario de la Ciudad Aut\u00f3noma de Buenos Aires aprob\u00f3 en primera lectura la ley que impone nombres a calles, avenidas, espacios verdes y espacios p\u00fablicos del nuevo distrito Villa Ol\u00edmpica que se encuentra en la Comuna 8.Se denomin\u00f3 Bulevar \u00abOl\u00edmpico Jos\u00e9 B. Zubiaur\u00bb a la calle principal paralela a la avenida Escalada, [&hellip;]<\/p>\n","protected":false},"author":1,"featured_media":6370,"comment_status":"open","ping_status":"open","sticky":false,"template":"","format":"standard","meta":{"_et_pb_use_builder":"","_et_pb_old_content":"","_et_gb_content_width":"","footnotes":""},"categories":[11,32],"tags":[],"class_list":["post-6369","post","type-post","status-publish","format-standard","has-post-thumbnail","hentry","category-ciudad","category-comunas"],"_links":{"self":[{"href":"https:\/\/vocesdebaires.com.ar\/index.php\/wp-json\/wp\/v2\/posts\/6369"}],"collection":[{"href":"https:\/\/vocesdebaires.com.ar\/index.php\/wp-json\/wp\/v2\/posts"}],"about":[{"href":"https:\/\/vocesdebaires.com.ar\/index.php\/wp-json\/wp\/v2\/types\/post"}],"author":[{"embeddable":true,"href":"https:\/\/vocesdebaires.com.ar\/index.php\/wp-json\/wp\/v2\/users\/1"}],"replies":[{"embeddable":true,"href":"https:\/\/vocesdebaires.com.ar\/index.php\/wp-json\/wp\/v2\/comments?post=6369"}],"version-history":[{"count":0,"href":"https:\/\/vocesdebaires.com.ar\/index.php\/wp-json\/wp\/v2\/posts\/6369\/revisions"}],"wp:featuredmedia":[{"embeddable":true,"href":"https:\/\/vocesdebaires.com.ar\/index.php\/wp-json\/wp\/v2\/media\/6370"}],"wp:attachment":[{"href":"https:\/\/vocesdebaires.com.ar\/index.php\/wp-json\/wp\/v2\/media?parent=6369"}],"wp:term":[{"taxonomy":"category","embeddable":true,"href":"https:\/\/vocesdebaires.com.ar\/index.php\/wp-json\/wp\/v2\/categories?post=6369"},{"taxonomy":"post_tag","embeddable":true,"href":"https:\/\/vocesdebaires.com.ar\/index.php\/wp-json\/wp\/v2\/tags?post=6369"}],"curies":[{"name":"wp","href":"https:\/\/api.w.org\/{rel}","templated":true}]}}