{"id":644,"date":"2020-01-14T03:00:00","date_gmt":"2020-01-14T06:00:00","guid":{"rendered":"http:\/\/vocesdebaires.com.ar\/wordpress\/index.php\/2020\/01\/14\/colonias-de-verano-campana-de-vacunacion\/"},"modified":"2020-01-14T03:00:00","modified_gmt":"2020-01-14T06:00:00","slug":"colonias-de-verano-campana-de-vacunacion","status":"publish","type":"post","link":"https:\/\/vocesdebaires.com.ar\/index.php\/2020\/01\/14\/colonias-de-verano-campana-de-vacunacion\/","title":{"rendered":"Colonias de verano: Campa\u00f1a de vacunaci\u00f3n"},"content":{"rendered":"<p>La Direcci\u00f3n General de Atenci\u00f3n Primaria, Ambulatoria y Comunitaria del Ministerio de Salud de la Ciudad de Buenos Aires en conjunto con la Subsecretaria de Deportes y Gerencia de Enfermer\u00eda comenz\u00f3 con la \u00abCampa\u00f1a de vacunaci\u00f3n en colonias de verano 2020\u00bb.Arranc\u00f3 el 6 de enero y se desarrollan de 14:00 a 16:00 hs. pasando por diferentes polideportivos de la Ciudad. Se aplican las vacunas correspondientes a ni\u00f1os y ni\u00f1as de 4, 5, 6 y 11 a\u00f1os.<\/p>\n<p>Comenz\u00f3 el pasado \u00a0lunes 6\/1 y culmina el 29\/1<\/p>\n<p>Cronograma con fechas de vacunaci\u00f3n en cada colonia:<br \/>Polideportivo Pereyra<br \/>6 de enero<br \/>Av. V\u00e9lez Sarsfield 1271<\/p>\n<p>Club de Amigos<br \/>7 de enero<br \/>Av. Pres. Figueroa Alcorta 3885<\/p>\n<p>Polideportivo Dorrego<br \/>8 de enero<br \/>Lisandro de la Torre y Monte<\/p>\n<p>Polideportivo Martin Fierro<br \/>9 de enero<br \/>Oruro 1310<\/p>\n<p>Polideportivo Colegiales<br \/>13 de enero<br \/>Freire 234<\/p>\n<p>Polideportivo Patricios<br \/>14 de enero<br \/>Pepiri 135<\/p>\n<p>Parque Manuel Belgrano (ex KDT)<br \/>15 de enero<br \/>Salguero 3450<\/p>\n<p>Polideportivo F\u00e1tima<br \/>16 de enero<br \/>Ana Mar\u00eda Janer 3351<\/p>\n<p>Polideportivo Costa Rica<br \/>17 de enero<br \/>Chorroarin y Constituyentes<\/p>\n<p>Polideportivo Chacabuco<br \/>20 de enero<br \/>Av. Eva Per\u00f3n 1410<\/p>\n<p>Parque Sarmiento<br \/>21 de enero<br \/>Av. R. Balb\u00edn 4750<\/p>\n<p>Polideportivo Avellaneda<br \/>27 de enero<br \/>Lacarra 1257<\/p>\n<p>Polideportivo Santojanni<br \/>28 de enero<br \/>Patr\u00f3n 6222<\/p>\n<p>Polideportivo Pomar<br \/>29 de enero<br \/>Mercedes 1300<\/p>\n<p>Informaci\u00f3n de vacunas que se aplicar\u00e1n: La vacunaci\u00f3n es una de las medidas m\u00e1s eficaces para la prevenci\u00f3n de las enfermedades. Es muy importante estar al d\u00eda con todas las vacunas para la protecci\u00f3n individual y colectiva.<\/p>\n<p>Ni\u00f1os de 5-6 a\u00f1os<br \/>1) Poliomielitis oral (Sabin)<\/p>\n<p>En el Calendario Nacional de Vacunaci\u00f3n est\u00e1 indicada: a los 6 meses de edad, y refuerzos a los 15-18 meses y a los 5 a\u00f1os de edad. Se administra por v\u00eda oral.<br \/>Es una vacuna muy segura y raramente produce efectos adversos.<\/p>\n<p>2) Triple Viral &#8211; 2\u00ba dosis (sarampi\u00f3n, rub\u00e9ola, paperas)<\/p>\n<p>En el Calendario Nacional est\u00e1 indicada al a\u00f1o de vida y un refuerzo a los 5 a\u00f1os. Se administra subcut\u00e1nea en regi\u00f3n deltoides. Es una vacuna segura y muy efectiva.<br \/>Pueden aparecer entre 1 a 2 semanas despu\u00e9s a la vacunaci\u00f3n, en un bajo porcentaje de vacunados: fiebre, catarros de v\u00edas a\u00e9reas, y erupciones cut\u00e1neas de corta duraci\u00f3n.<\/p>\n<p>3) Triple Bacteriana Celular &#8211; 2\u00ba refuerzo DTP (difteria, t\u00e9tanos, tos convulsa)<\/p>\n<p>Se Indica como refuerzo a los 5 a\u00f1os, una sola dosis.<br \/>Se administra intramuscular en regi\u00f3n deltoides.<br \/>Puede provocar dolor e hinchaz\u00f3n local dentro de las 48 horas de aplicada.<\/p>\n<p>Estrategia adicional de Sarampi\u00f3n<br \/>Todos los ni\u00f1os de 13 meses a 4 a\u00f1os inclusive, deben acreditar al menos dos dosis de vacuna Triple Viral aplicadas a partir del a\u00f1o de vida.<br \/>Entran todos los ni\u00f1os que no entraron a la campa\u00f1a por edad o que quedaron sin vacunar durante la misma.<\/p>\n<p>Ni\u00f1os de 11 a\u00f1os \u2026\u00bfHace falta vacunar a los ni\u00f1os a los 11 a\u00f1os?<\/p>\n<p>Si, para reforzar la inmunidad contra esas enfermedades. Con los a\u00f1os, las defensas desarrolladas luego de las primeras dosis disminuyen. La protecci\u00f3n obtenida puede perderse y el ni\u00f1o est\u00e1 expuesto a enfermar y tambi\u00e9n contagiar a sus compa\u00f1eros.<\/p>\n<p>1) Triple bacteriana acelular DTP (difteria, t\u00e9tanos, tos convulsa)<\/p>\n<p>Es una vacuna de refuerzo. Puede producir dolor e hinchaz\u00f3n en el sitio de aplicaci\u00f3n.<\/p>\n<p>2) VPH (virus de papiloma humano)<\/p>\n<p>Para las chicas nacidas a partir del 2000 para los chicos nacidos a partir del 2006. Es una vacuna muy segura y eficaz para la protecci\u00f3n del c\u00e1ncer de \u00fatero y para la prevenci\u00f3n de verrugas y otros tipos de c\u00e1ncer.<\/p>\n<p>Se administra con un esquema de 2 dosis, con un intervalo de 6 meses entre ambas dosis. Sin la segunda dosis no hay protecci\u00f3n, por eso es importante completar el esquema. En ni\u00f1as mayores de 14 a\u00f1os son 3 dosis 0-2-6 meses. Puede producir dolor e hinchaz\u00f3n en el sitio de aplicaci\u00f3n.<\/p>\n<p>\u00bfQu\u00e9 pasa si un ni\u00f1o tiene atraso en las vacunas?<br \/>No importa la edad actual, solo hay que concurrir para ponerse al d\u00eda con las dosis faltantes.<\/p>\n","protected":false},"excerpt":{"rendered":"<p>La Direcci\u00f3n General de Atenci\u00f3n Primaria, Ambulatoria y Comunitaria del Ministerio de Salud de la Ciudad de Buenos Aires en conjunto con la Subsecretaria de Deportes y Gerencia de Enfermer\u00eda comenz\u00f3 con la \u00abCampa\u00f1a de vacunaci\u00f3n en colonias de verano 2020\u00bb.Arranc\u00f3 el 6 de enero y se desarrollan de 14:00 a 16:00 hs. pasando por [&hellip;]<\/p>\n","protected":false},"author":1,"featured_media":645,"comment_status":"open","ping_status":"open","sticky":false,"template":"","format":"standard","meta":{"_et_pb_use_builder":"","_et_pb_old_content":"","_et_gb_content_width":"","footnotes":""},"categories":[11,32],"tags":[],"class_list":["post-644","post","type-post","status-publish","format-standard","has-post-thumbnail","hentry","category-ciudad","category-comunas"],"_links":{"self":[{"href":"https:\/\/vocesdebaires.com.ar\/index.php\/wp-json\/wp\/v2\/posts\/644"}],"collection":[{"href":"https:\/\/vocesdebaires.com.ar\/index.php\/wp-json\/wp\/v2\/posts"}],"about":[{"href":"https:\/\/vocesdebaires.com.ar\/index.php\/wp-json\/wp\/v2\/types\/post"}],"author":[{"embeddable":true,"href":"https:\/\/vocesdebaires.com.ar\/index.php\/wp-json\/wp\/v2\/users\/1"}],"replies":[{"embeddable":true,"href":"https:\/\/vocesdebaires.com.ar\/index.php\/wp-json\/wp\/v2\/comments?post=644"}],"version-history":[{"count":0,"href":"https:\/\/vocesdebaires.com.ar\/index.php\/wp-json\/wp\/v2\/posts\/644\/revisions"}],"wp:featuredmedia":[{"embeddable":true,"href":"https:\/\/vocesdebaires.com.ar\/index.php\/wp-json\/wp\/v2\/media\/645"}],"wp:attachment":[{"href":"https:\/\/vocesdebaires.com.ar\/index.php\/wp-json\/wp\/v2\/media?parent=644"}],"wp:term":[{"taxonomy":"category","embeddable":true,"href":"https:\/\/vocesdebaires.com.ar\/index.php\/wp-json\/wp\/v2\/categories?post=644"},{"taxonomy":"post_tag","embeddable":true,"href":"https:\/\/vocesdebaires.com.ar\/index.php\/wp-json\/wp\/v2\/tags?post=644"}],"curies":[{"name":"wp","href":"https:\/\/api.w.org\/{rel}","templated":true}]}}