{"id":646,"date":"2020-01-14T03:00:00","date_gmt":"2020-01-14T06:00:00","guid":{"rendered":"http:\/\/vocesdebaires.com.ar\/wordpress\/index.php\/2020\/01\/14\/ciudad-bajo-194-la-pobreza-en-2019\/"},"modified":"2020-01-14T03:00:00","modified_gmt":"2020-01-14T06:00:00","slug":"ciudad-bajo-194-la-pobreza-en-2019","status":"publish","type":"post","link":"https:\/\/vocesdebaires.com.ar\/index.php\/2020\/01\/14\/ciudad-bajo-194-la-pobreza-en-2019\/","title":{"rendered":"Ciudad baj\u00f3 19,4% la pobreza en 2019"},"content":{"rendered":"<p>En el tercer trimestre de 2019, los aumentos dispares en los ingresos de los hogares determinan cambios en la estratificaci\u00f3n. Mientras que para algunos segmentos ubicados en la base de la distribuci\u00f3n se produce una leve mejora en las condiciones de vida, en otros no logran compensar la suba de precios (51,8%) y se deteriora su condici\u00f3n relativa. En el tercer trimestre, a\u00fan 14,8% de los hogares (191.000 hogares) y 19,4% de las personas (595.000 personas) se encuentran en situaci\u00f3n de pobreza por ingresos. En particular, el estrato m\u00e1s bajo de la estructura, la indigencia, alcanza al 4,0% de los hogares (51.000 hogares) y al 5,5% de las personas (169.000 personas).<\/p>\n<p>En la comparaci\u00f3n interanual, pr\u00e1cticamente no hay cambios en la incidencia de la pobreza en la Ciudad: el indicador pas\u00f3 de 20,9% a 19,4% al medirse en personas, tanto por la reducci\u00f3n de la pobreza indigente como de la no indigente. Otro 11% de los hogares (11,4% personas) accede a una canasta b\u00e1sica de bienes y servicios pero no alcanzan la Canasta Total del Sistema de la Ciudad de Buenos Aires, lo que significa que a\u00fan est\u00e1n en una condici\u00f3n de vulnerabilidad (en situaci\u00f3n vulnerable). Este segmento se expandi\u00f3 en el \u00faltimo a\u00f1o. Sumados los estratos en condici\u00f3n de pobreza y los que no llegan a costear la Canasta total (en situaci\u00f3n vulnerable) involucran al 25,8% de los hogares (30,8% de las personas que habitan en la Ciudad).<\/p>\n<p>En conjunto, tienen el peso m\u00e1s alto de la serie para un tercer trimestre: El sector medio fr\u00e1gil, es decir el que cuenta con ingresos de hasta 1,25 veces la Canasta Total, representa el 9,0% de los hogares y el 10,2% de las personas. Este sector tambi\u00e9n se ampli\u00f3 en relaci\u00f3n al tercer trimestre de 2018.El sector medio asociado a la \u201cclase media\u201d incluye a la mitad de los hogares de la Ciudad de Buenos Aires (51,5%, equivalentes a 664.000 hogares y 1.466.000 personas) y reduce su porci\u00f3n en la comparaci\u00f3n interanual. Por su parte, los sectores acomodados de la Ciudad de Buenos Aires, representan el 13,7% de los hogares y el 11,2% de las personas en el per\u00edodo y tambi\u00e9n achican su peso en el total.<\/p>\n<p>En s\u00edntesis, los hogares en situaci\u00f3n vulnerable y el sector medio fr\u00e1gil, es decir aquellos cuyos ingresos no alcanzan para cubrir la Canasta Total del Sistema de la Ciudad de Buenos Aires o apenas la superan, aumentan sus porciones en el per\u00edodo fundamentalmente por la merma en la capacidad de compra de los ingresos de los hogares que un a\u00f1o atr\u00e1s se ubicaban entre los sectores medios y acomodados. Dicho de otro modo, las franjas que involucran condiciones endebles pero no pobres en esta estratificaci\u00f3n se engrosan en el tercer trimestre, especialmente por el deterioro del estrato m\u00e1s alto y del sector medio.<\/p>\n","protected":false},"excerpt":{"rendered":"<p>En el tercer trimestre de 2019, los aumentos dispares en los ingresos de los hogares determinan cambios en la estratificaci\u00f3n. Mientras que para algunos segmentos ubicados en la base de la distribuci\u00f3n se produce una leve mejora en las condiciones de vida, en otros no logran compensar la suba de precios (51,8%) y se deteriora [&hellip;]<\/p>\n","protected":false},"author":1,"featured_media":647,"comment_status":"open","ping_status":"open","sticky":false,"template":"","format":"standard","meta":{"_et_pb_use_builder":"","_et_pb_old_content":"","_et_gb_content_width":"","footnotes":""},"categories":[12,34],"tags":[],"class_list":["post-646","post","type-post","status-publish","format-standard","has-post-thumbnail","hentry","category-nacion","category-politica"],"_links":{"self":[{"href":"https:\/\/vocesdebaires.com.ar\/index.php\/wp-json\/wp\/v2\/posts\/646"}],"collection":[{"href":"https:\/\/vocesdebaires.com.ar\/index.php\/wp-json\/wp\/v2\/posts"}],"about":[{"href":"https:\/\/vocesdebaires.com.ar\/index.php\/wp-json\/wp\/v2\/types\/post"}],"author":[{"embeddable":true,"href":"https:\/\/vocesdebaires.com.ar\/index.php\/wp-json\/wp\/v2\/users\/1"}],"replies":[{"embeddable":true,"href":"https:\/\/vocesdebaires.com.ar\/index.php\/wp-json\/wp\/v2\/comments?post=646"}],"version-history":[{"count":0,"href":"https:\/\/vocesdebaires.com.ar\/index.php\/wp-json\/wp\/v2\/posts\/646\/revisions"}],"wp:featuredmedia":[{"embeddable":true,"href":"https:\/\/vocesdebaires.com.ar\/index.php\/wp-json\/wp\/v2\/media\/647"}],"wp:attachment":[{"href":"https:\/\/vocesdebaires.com.ar\/index.php\/wp-json\/wp\/v2\/media?parent=646"}],"wp:term":[{"taxonomy":"category","embeddable":true,"href":"https:\/\/vocesdebaires.com.ar\/index.php\/wp-json\/wp\/v2\/categories?post=646"},{"taxonomy":"post_tag","embeddable":true,"href":"https:\/\/vocesdebaires.com.ar\/index.php\/wp-json\/wp\/v2\/tags?post=646"}],"curies":[{"name":"wp","href":"https:\/\/api.w.org\/{rel}","templated":true}]}}