{"id":6504,"date":"2018-04-05T03:00:00","date_gmt":"2018-04-05T06:00:00","guid":{"rendered":"http:\/\/vocesdebaires.com.ar\/wordpress\/index.php\/2018\/04\/05\/talleres-para-aprender-a-cocinar-saludable\/"},"modified":"2018-04-05T03:00:00","modified_gmt":"2018-04-05T06:00:00","slug":"talleres-para-aprender-a-cocinar-saludable","status":"publish","type":"post","link":"https:\/\/vocesdebaires.com.ar\/index.php\/2018\/04\/05\/talleres-para-aprender-a-cocinar-saludable\/","title":{"rendered":"Talleres para aprender a cocinar saludable"},"content":{"rendered":"<p>\u00a0<br \/>\nQu\u00e9 alimentos consumir para tener una nutrici\u00f3n m\u00e1s saludable y que el bolsillo sufra menos. Es la pregunta que muchos se hacen y que los mercados de la Ciudad responden en sus talleres de Nutrici\u00f3n al paso. En cada \u00e9poca del a\u00f1o hay frutas y verduras de estaci\u00f3n que permiten preparar en casa comidas m\u00e1s saludables y de forma econ\u00f3mica. Esta semana, es el turno de hablar sobre c\u00f3mo reciclar algunos alimentos que te sobran de otras preparaciones y sobre como armar compost en tu casa. Los talleres son gratuitos, pero requieren una inscripci\u00f3n previa en un formulario online:<br \/>\n<a href=\"https:\/\/docs.google.com\/forms\/d\/e\/1FAIpQLSfPwyb6ggb7uWF_PwXN7m8Fi9OgIRy5x3sWu4F2Y0m9Qor1YQ\/viewform\"&gt;https:\/\/docs.google.com\/forms\/d\/e\/1FAIpQLSfPwyb6ggb7uWF_PwXN7m8Fi9OgIRy5x3sWu4F2Y0m9Qor1YQ\/viewform<\/a><br \/>\nMa\u00f1ana viernes 6, a las 17h, ser\u00e1 en el Mercado de Econom\u00eda Solidaria de Bonpland (Bonpland 1660). Y el s\u00e1bado 7, a las 11:30, en el Mercado Belgrano (avenida Juramento 2527). Adem\u00e1s, se puede participar de los talleres los fines de semana en El Patio de los Lecheros (Donato \u00c1lvarez y Bacacay). Las actividades est\u00e1n abiertas a todos los vecinos que quieran participar y recibir consejos valiosos para mejor la alimentaci\u00f3n.<\/p>\n","protected":false},"excerpt":{"rendered":"<p>\u00a0 Qu\u00e9 alimentos consumir para tener una nutrici\u00f3n m\u00e1s saludable y que el bolsillo sufra menos. Es la pregunta que muchos se hacen y que los mercados de la Ciudad responden en sus talleres de Nutrici\u00f3n al paso. En cada \u00e9poca del a\u00f1o hay frutas y verduras de estaci\u00f3n que permiten preparar en casa comidas [&hellip;]<\/p>\n","protected":false},"author":1,"featured_media":6505,"comment_status":"open","ping_status":"open","sticky":false,"template":"","format":"standard","meta":{"_et_pb_use_builder":"","_et_pb_old_content":"","_et_gb_content_width":"","footnotes":""},"categories":[11,32],"tags":[],"class_list":["post-6504","post","type-post","status-publish","format-standard","has-post-thumbnail","hentry","category-ciudad","category-comunas"],"_links":{"self":[{"href":"https:\/\/vocesdebaires.com.ar\/index.php\/wp-json\/wp\/v2\/posts\/6504"}],"collection":[{"href":"https:\/\/vocesdebaires.com.ar\/index.php\/wp-json\/wp\/v2\/posts"}],"about":[{"href":"https:\/\/vocesdebaires.com.ar\/index.php\/wp-json\/wp\/v2\/types\/post"}],"author":[{"embeddable":true,"href":"https:\/\/vocesdebaires.com.ar\/index.php\/wp-json\/wp\/v2\/users\/1"}],"replies":[{"embeddable":true,"href":"https:\/\/vocesdebaires.com.ar\/index.php\/wp-json\/wp\/v2\/comments?post=6504"}],"version-history":[{"count":0,"href":"https:\/\/vocesdebaires.com.ar\/index.php\/wp-json\/wp\/v2\/posts\/6504\/revisions"}],"wp:featuredmedia":[{"embeddable":true,"href":"https:\/\/vocesdebaires.com.ar\/index.php\/wp-json\/wp\/v2\/media\/6505"}],"wp:attachment":[{"href":"https:\/\/vocesdebaires.com.ar\/index.php\/wp-json\/wp\/v2\/media?parent=6504"}],"wp:term":[{"taxonomy":"category","embeddable":true,"href":"https:\/\/vocesdebaires.com.ar\/index.php\/wp-json\/wp\/v2\/categories?post=6504"},{"taxonomy":"post_tag","embeddable":true,"href":"https:\/\/vocesdebaires.com.ar\/index.php\/wp-json\/wp\/v2\/tags?post=6504"}],"curies":[{"name":"wp","href":"https:\/\/api.w.org\/{rel}","templated":true}]}}