{"id":6508,"date":"2018-04-04T03:00:00","date_gmt":"2018-04-04T06:00:00","guid":{"rendered":"http:\/\/vocesdebaires.com.ar\/wordpress\/index.php\/2018\/04\/04\/casa-amarilla-santilli-y-acuna-recorrieron-el-jardin\/"},"modified":"2018-04-04T03:00:00","modified_gmt":"2018-04-04T06:00:00","slug":"casa-amarilla-santilli-y-acuna-recorrieron-el-jardin","status":"publish","type":"post","link":"https:\/\/vocesdebaires.com.ar\/index.php\/2018\/04\/04\/casa-amarilla-santilli-y-acuna-recorrieron-el-jardin\/","title":{"rendered":"Casa Amarilla: Santilli y Acu\u00f1a recorrieron el jard\u00edn"},"content":{"rendered":"<p>\u00a0<br \/>\nEl vicejefe de Gobierno porte\u00f1o, Diego Santilli, y la ministra de Educaci\u00f3n de la Ciudad, Soledad Acu\u00f1a, recorrieron ayer el nuevo jard\u00edn Casa Amarilla, que cuenta con salas de 3, 4 y 5 a\u00f1os para los chicos del barrio de La Boca y sus alrededores.\u201cEstamos recorriendo esta escuela inicial que empez\u00f3 en marzo, con 200 chicos\u201d, destac\u00f3 Santilli sobre este jard\u00edn que tiene ocho salas: dos de 3 a\u00f1os, tres salas de 4 a\u00f1os y tres salas de 5 a\u00f1os.El Vicejefe de Gobierno record\u00f3 que \u201cnos comprometimos con Horacio (Rodr\u00edguez Larreta) y Soledad a tener 52 escuelas\u201d y que \u201cesta es una de las que comenz\u00f3 este a\u00f1o\u201d. En esa l\u00ednea, dijo estar \u201ccontento con el desarrollo que venimos llevando\u201d.<br \/>\nPor su parte, la ministra de Educaci\u00f3n de la Ciudad explic\u00f3 que \u201ceste es un jard\u00edn que estaba desparramado en distintas salitas por cuatro escuelas distintas\u201d y que por eso \u201clos unificamos y adem\u00e1s creamos vacantes nuevas\u201d.El jard\u00edn Casa Amarilla ofrecer\u00e1 jornada completa y tiene atelieres digitales en todas sus aulas, adem\u00e1s de un comedor para 128 alumnos.Al respecto, Acu\u00f1a remarc\u00f3 que \u201ces una ayuda para las familias, que las mam\u00e1s pueden ir a trabajar o seguir estudiando y saben que sus hijos est\u00e1n tranquilos, cuidados y aprendiendo\u201d.A su vez, precis\u00f3 que \u201cson 244 vacantes\u201d que se agregan y que \u201cla directora y todo su equipo est\u00e1n trabajando mucho en capacitarse para trabajar con las nuevas tecnolog\u00edas y los atelieres digitales que ya est\u00e1n en todos los jardines\u201d.<br \/>\nEsta obra se enmarca dentro del compromiso de las \u201c30 Nuevas Escuelas\u201d con sala de 3 a\u00f1os, que la Ciudad completar\u00e1 en 2019.La semana pasada, la Ciudad lanz\u00f3 las primeras Olimp\u00edadas Escolares de lengua y matem\u00e1tica para m\u00e1s de 82 mil chicos de 4\u00ba, 5\u00ba, 6\u00ba y 7\u00ba grado de las escuelas p\u00fablicas porte\u00f1as. Al mismo tiempo, avanza la segunda etapa del Plan Sarmiento, que garantiza la educaci\u00f3n digital desde el nivel inicial.En ese contexto se est\u00e1n entregando kits tecnol\u00f3gicos y conectividad para todos los chicos de sala de 5, y equipamiento y capacitaciones para todos los docentes. Adem\u00e1s, contin\u00faan los programas \u201cAprend\u00e9 Programando\u201d, \u201cCodo a Codo\u201d, \u201cProgramaci\u00f3n 3D\u201d y \u201cPrograma tu futuro\u201d, que les brindan a los chicos las herramientas para enfrentar los desaf\u00edos del futuro.<\/p>\n","protected":false},"excerpt":{"rendered":"<p>\u00a0 El vicejefe de Gobierno porte\u00f1o, Diego Santilli, y la ministra de Educaci\u00f3n de la Ciudad, Soledad Acu\u00f1a, recorrieron ayer el nuevo jard\u00edn Casa Amarilla, que cuenta con salas de 3, 4 y 5 a\u00f1os para los chicos del barrio de La Boca y sus alrededores.\u201cEstamos recorriendo esta escuela inicial que empez\u00f3 en marzo, con [&hellip;]<\/p>\n","protected":false},"author":1,"featured_media":6509,"comment_status":"open","ping_status":"open","sticky":false,"template":"","format":"standard","meta":{"_et_pb_use_builder":"","_et_pb_old_content":"","_et_gb_content_width":"","footnotes":""},"categories":[11,32],"tags":[],"class_list":["post-6508","post","type-post","status-publish","format-standard","has-post-thumbnail","hentry","category-ciudad","category-comunas"],"_links":{"self":[{"href":"https:\/\/vocesdebaires.com.ar\/index.php\/wp-json\/wp\/v2\/posts\/6508"}],"collection":[{"href":"https:\/\/vocesdebaires.com.ar\/index.php\/wp-json\/wp\/v2\/posts"}],"about":[{"href":"https:\/\/vocesdebaires.com.ar\/index.php\/wp-json\/wp\/v2\/types\/post"}],"author":[{"embeddable":true,"href":"https:\/\/vocesdebaires.com.ar\/index.php\/wp-json\/wp\/v2\/users\/1"}],"replies":[{"embeddable":true,"href":"https:\/\/vocesdebaires.com.ar\/index.php\/wp-json\/wp\/v2\/comments?post=6508"}],"version-history":[{"count":0,"href":"https:\/\/vocesdebaires.com.ar\/index.php\/wp-json\/wp\/v2\/posts\/6508\/revisions"}],"wp:featuredmedia":[{"embeddable":true,"href":"https:\/\/vocesdebaires.com.ar\/index.php\/wp-json\/wp\/v2\/media\/6509"}],"wp:attachment":[{"href":"https:\/\/vocesdebaires.com.ar\/index.php\/wp-json\/wp\/v2\/media?parent=6508"}],"wp:term":[{"taxonomy":"category","embeddable":true,"href":"https:\/\/vocesdebaires.com.ar\/index.php\/wp-json\/wp\/v2\/categories?post=6508"},{"taxonomy":"post_tag","embeddable":true,"href":"https:\/\/vocesdebaires.com.ar\/index.php\/wp-json\/wp\/v2\/tags?post=6508"}],"curies":[{"name":"wp","href":"https:\/\/api.w.org\/{rel}","templated":true}]}}