{"id":6512,"date":"2018-04-02T03:00:00","date_gmt":"2018-04-02T06:00:00","guid":{"rendered":"http:\/\/vocesdebaires.com.ar\/wordpress\/index.php\/2018\/04\/02\/conferencia-sobre-agua-y-cambio-climatico\/"},"modified":"2018-04-02T03:00:00","modified_gmt":"2018-04-02T06:00:00","slug":"conferencia-sobre-agua-y-cambio-climatico","status":"publish","type":"post","link":"https:\/\/vocesdebaires.com.ar\/index.php\/2018\/04\/02\/conferencia-sobre-agua-y-cambio-climatico\/","title":{"rendered":"Conferencia sobre Agua y Cambio Clim\u00e1tico"},"content":{"rendered":"<p>\u00a0<br \/>\nEn la Semana del Agua, la Legislatura porte\u00f1a realizar\u00e1\u00a0\u00a0una \u00a0conferencia sobre \u00a0\u00abAgua y Cambio Clim\u00e1tico\u00bb para abordar la relaci\u00f3n entre el principal desaf\u00edo ambiental de este tiempo y el recurso vital por excelencia.La cita es el viernes 6 de abril a partir de las 9:00 en el Sal\u00f3n Montevideo del Palacio legislativo, Per\u00fa 160, Ciudad Aut\u00f3noma de Buenos Aires, con entrada libre y gratuita. Se requiere inscripci\u00f3n previa en  <a href=\"mailto:ss.modernizacion@legislatura.gov.ar\"&gt;ss.modernizacion@legislatura.gov.ar<\/a><br \/>\nDel encuentro participar\u00e1n el ministro de Ambiente y Espacio P\u00fablico, Horacio Machiavelli; la legisladora Mercedes De Las Casas, presidente de la comisi\u00f3n de Ambiente; la directora de la Maestr\u00eda en Ciencias Ambientales, In\u00e9s Camilloni; el ex presidente de la Academia Argentina de Ciencias del Ambiente, Jorge Codignotto; el presidente de la Agencia de Protecci\u00f3n Ambiental, Juan Figueira Rissol; y Natalia Persini, subsecretaria de Modernizaci\u00f3n, Sustentabilidad y Fortalecimiento Institucional de la Legislatura.<\/p>\n","protected":false},"excerpt":{"rendered":"<p>\u00a0 En la Semana del Agua, la Legislatura porte\u00f1a realizar\u00e1\u00a0\u00a0una \u00a0conferencia sobre \u00a0\u00abAgua y Cambio Clim\u00e1tico\u00bb para abordar la relaci\u00f3n entre el principal desaf\u00edo ambiental de este tiempo y el recurso vital por excelencia.La cita es el viernes 6 de abril a partir de las 9:00 en el Sal\u00f3n Montevideo del Palacio legislativo, Per\u00fa 160, [&hellip;]<\/p>\n","protected":false},"author":1,"featured_media":6513,"comment_status":"open","ping_status":"open","sticky":false,"template":"","format":"standard","meta":{"_et_pb_use_builder":"","_et_pb_old_content":"","_et_gb_content_width":"","footnotes":""},"categories":[11,32],"tags":[],"class_list":["post-6512","post","type-post","status-publish","format-standard","has-post-thumbnail","hentry","category-ciudad","category-comunas"],"_links":{"self":[{"href":"https:\/\/vocesdebaires.com.ar\/index.php\/wp-json\/wp\/v2\/posts\/6512"}],"collection":[{"href":"https:\/\/vocesdebaires.com.ar\/index.php\/wp-json\/wp\/v2\/posts"}],"about":[{"href":"https:\/\/vocesdebaires.com.ar\/index.php\/wp-json\/wp\/v2\/types\/post"}],"author":[{"embeddable":true,"href":"https:\/\/vocesdebaires.com.ar\/index.php\/wp-json\/wp\/v2\/users\/1"}],"replies":[{"embeddable":true,"href":"https:\/\/vocesdebaires.com.ar\/index.php\/wp-json\/wp\/v2\/comments?post=6512"}],"version-history":[{"count":0,"href":"https:\/\/vocesdebaires.com.ar\/index.php\/wp-json\/wp\/v2\/posts\/6512\/revisions"}],"wp:featuredmedia":[{"embeddable":true,"href":"https:\/\/vocesdebaires.com.ar\/index.php\/wp-json\/wp\/v2\/media\/6513"}],"wp:attachment":[{"href":"https:\/\/vocesdebaires.com.ar\/index.php\/wp-json\/wp\/v2\/media?parent=6512"}],"wp:term":[{"taxonomy":"category","embeddable":true,"href":"https:\/\/vocesdebaires.com.ar\/index.php\/wp-json\/wp\/v2\/categories?post=6512"},{"taxonomy":"post_tag","embeddable":true,"href":"https:\/\/vocesdebaires.com.ar\/index.php\/wp-json\/wp\/v2\/tags?post=6512"}],"curies":[{"name":"wp","href":"https:\/\/api.w.org\/{rel}","templated":true}]}}