{"id":6521,"date":"2018-08-27T03:00:00","date_gmt":"2018-08-27T06:00:00","guid":{"rendered":"http:\/\/vocesdebaires.com.ar\/wordpress\/index.php\/2018\/08\/27\/el-estado-en-tu-barrio-en-liniers\/"},"modified":"2018-08-27T03:00:00","modified_gmt":"2018-08-27T06:00:00","slug":"el-estado-en-tu-barrio-en-liniers","status":"publish","type":"post","link":"https:\/\/vocesdebaires.com.ar\/index.php\/2018\/08\/27\/el-estado-en-tu-barrio-en-liniers\/","title":{"rendered":"El Estado en tu barrio en Liniers"},"content":{"rendered":"<p>\u00a0<br \/>\nEl programa social \u201cEl Estado en tu Barrio\u201d desarrollado por Jefatura de Gabinete de la Naci\u00f3n, llega a la comuna 9 Liniers desde el martes 28 al Viernes 31 de Agosto estar\u00e1 en el club el Palmar de 9 a 14 hs &#8211; Palmar 7035 <a href=\"https:\/\/goo.gl\/maps\/ExB7JV1KEn82\"&gt;https:\/\/goo.gl\/maps\/ExB7JV1KEn82<\/a>&#8211; con un m\u00f3vil del Registro civil y capacidad de las personas que depende del Ministerio de Gobierno porte\u00f1o, all\u00ed\u00a0 los vecinos podr\u00e1n acceder a las prestaciones de los distintos organismos del Estado en un mismo lugar y sin intermediarios.<br \/>\nLos vecinos pueden tramitar all\u00ed la Asignaci\u00f3n Universal por Hijo, las Asignaciones Familiares, y recibir informaci\u00f3n sobre jubilaciones y pensiones a trav\u00e9s de Anses.A su vez, en el espacio de Registro Civil, pueden gestionar el DNI o hacer cambio de domicilio y tr\u00e1mites de convivencia.En tanto, tendr\u00e1n asesoramiento legal mediaci\u00f3n y registro de deudores alimentarios, fiscal\u00eda asesoramiento y toma de denuncias, certificado de antecedentes penales.<br \/>\nPor otro lado podr\u00e1n tramitar la SUBE con todo lo que ello implica; aplicaci\u00f3n de tarifa social, obtenci\u00f3n y registro de la tarjeta, informaci\u00f3n general del servicio, contaremos con estaciones saludables habr\u00e1 controles de peso, presi\u00f3n y asesoramiento con nutricionistas.  Orientaci\u00f3n laboral inscripci\u00f3n en programas de empleo y capacitaci\u00f3n, asesoramiento en confecci\u00f3n de cv y entrevista laboral, asesoramiento legal, certificado de antecedentes penales, con respecto a<br \/>\nPAMI gesti\u00f3n de tr\u00e1mites y solicitud de insumos.El programa \u201cEl Estado en Tu Barrio\u201d busca acercar, de manera coordinada, las prestaciones de los gobiernos de la Naci\u00f3n, Ciudad, Provincia y los municipios de forma directa en un mismo lugar.Actualmente, el programa cuenta con 23 acciones en simult\u00e1neo por semana y desde que comenz\u00f3 ya asisti\u00f3 a m\u00e1s de dos millones personas en todo el pa\u00eds.<\/p>\n","protected":false},"excerpt":{"rendered":"<p>\u00a0 El programa social \u201cEl Estado en tu Barrio\u201d desarrollado por Jefatura de Gabinete de la Naci\u00f3n, llega a la comuna 9 Liniers desde el martes 28 al Viernes 31 de Agosto estar\u00e1 en el club el Palmar de 9 a 14 hs &#8211; Palmar 7035<\/p>\n","protected":false},"author":1,"featured_media":6522,"comment_status":"open","ping_status":"open","sticky":false,"template":"","format":"standard","meta":{"_et_pb_use_builder":"","_et_pb_old_content":"","_et_gb_content_width":"","footnotes":""},"categories":[11,32],"tags":[],"class_list":["post-6521","post","type-post","status-publish","format-standard","has-post-thumbnail","hentry","category-ciudad","category-comunas"],"_links":{"self":[{"href":"https:\/\/vocesdebaires.com.ar\/index.php\/wp-json\/wp\/v2\/posts\/6521"}],"collection":[{"href":"https:\/\/vocesdebaires.com.ar\/index.php\/wp-json\/wp\/v2\/posts"}],"about":[{"href":"https:\/\/vocesdebaires.com.ar\/index.php\/wp-json\/wp\/v2\/types\/post"}],"author":[{"embeddable":true,"href":"https:\/\/vocesdebaires.com.ar\/index.php\/wp-json\/wp\/v2\/users\/1"}],"replies":[{"embeddable":true,"href":"https:\/\/vocesdebaires.com.ar\/index.php\/wp-json\/wp\/v2\/comments?post=6521"}],"version-history":[{"count":0,"href":"https:\/\/vocesdebaires.com.ar\/index.php\/wp-json\/wp\/v2\/posts\/6521\/revisions"}],"wp:featuredmedia":[{"embeddable":true,"href":"https:\/\/vocesdebaires.com.ar\/index.php\/wp-json\/wp\/v2\/media\/6522"}],"wp:attachment":[{"href":"https:\/\/vocesdebaires.com.ar\/index.php\/wp-json\/wp\/v2\/media?parent=6521"}],"wp:term":[{"taxonomy":"category","embeddable":true,"href":"https:\/\/vocesdebaires.com.ar\/index.php\/wp-json\/wp\/v2\/categories?post=6521"},{"taxonomy":"post_tag","embeddable":true,"href":"https:\/\/vocesdebaires.com.ar\/index.php\/wp-json\/wp\/v2\/tags?post=6521"}],"curies":[{"name":"wp","href":"https:\/\/api.w.org\/{rel}","templated":true}]}}