{"id":6525,"date":"2018-08-22T03:00:00","date_gmt":"2018-08-22T06:00:00","guid":{"rendered":"http:\/\/vocesdebaires.com.ar\/wordpress\/index.php\/2018\/08\/22\/ciudad-avanzan-las-obras-del-arroyo-vega\/"},"modified":"2018-08-22T03:00:00","modified_gmt":"2018-08-22T06:00:00","slug":"ciudad-avanzan-las-obras-del-arroyo-vega","status":"publish","type":"post","link":"https:\/\/vocesdebaires.com.ar\/index.php\/2018\/08\/22\/ciudad-avanzan-las-obras-del-arroyo-vega\/","title":{"rendered":"Ciudad avanzan las obras del Arroyo Vega"},"content":{"rendered":"<p>\u00a0<br \/>\nEl jefe de Gobierno porte\u00f1o, Horacio Rodr\u00edguez Larreta, recorri\u00f3\u00a0 ayer las obras del segundo emisario del Arroyo Vega que reducir\u00e1n el impacto de las lluvias y sudestadas, beneficiando as\u00ed a 315 mil vecinos de la Ciudad de Buenos Aires, y destac\u00f3 que \u201cla forma de terminar de bajar el riesgo es con obras como \u00e9sta\u201d.\u201cEste t\u00fanel es el que pasa por uno de los lugares m\u00e1s complicados en t\u00e9rminos de riesgo de inundaci\u00f3n, que ha sido siempre la zona de Cabildo y Blanco Encalada, donde hace varios a\u00f1os que no tenemos inundaciones porque se ampli\u00f3 la desembocadura al r\u00edo\u201d, explic\u00f3.<br \/>\nEl Jefe de Gobierno asegur\u00f3 que esta iniciativa representa \u201cuna tranquilidad para los vecinos de toda esta zona de la Ciudad\u201d y agreg\u00f3: \u201cEs la segunda obra m\u00e1s grande de nuestro plan hidr\u00e1ulico\u201d.A su vez, reconoci\u00f3 que es \u201cuna obra compleja en t\u00e9rminos de ingenier\u00eda pero que demuestra lo que somos capaces de hacer los argentinos cuando trabajamos seriamente y en equipo\u201d.Por \u00faltimo, record\u00f3 que todos estos proyectos \u201cgeneran muchos puestos de trabajo\u201d, por lo que remarc\u00f3 el valor de la obra p\u00fablica en tanto que \u201ctodo esto tambi\u00e9n le da impulso al empleo en la Ciudad de Buenos Aires\u201d.<br \/>\nEn la recorrida tambi\u00e9n estuvo presente el director del Plan Hidr\u00e1ulico de la Ciudad, Eduardo Cohen, quien destac\u00f3 que \u201cesta es la soluci\u00f3n definitiva para la cuenca\u201d dado que \u201cduplica la capacidad actual\u201d para sacar el agua.Se trata de un t\u00fanel que se va a extender por debajo de la calle Nueva York, desde el cruce con Helguera (Comuna 15), y por debajo de la calle La Pampa (Comunas 15, 13 y 12) hasta desembocar en el R\u00edo de La Plata.Tras la experiencia adquirida con los t\u00faneles del Arroyo Maldonado, se decidi\u00f3 trabajar con tuneladoras, que generan mucho menos impacto urbano, separ\u00e1ndolo en dos tramos.<br \/>\nEn el primer tramo, de 5,9 kil\u00f3metros, se utiliz\u00f3 una tuneladora de 5,3 metros de di\u00e1metro, mientras que para el segundo tramo, de 2,5 kil\u00f3metros, se est\u00e1 usando otra de 3 metros que permite instalar tuber\u00edas sin realizar zanjeo, mediante el procedimiento de Pipe Jacking.Una vez finalizado el segundo emisario se van a construir ramales secundarios en Donado, Elcano, Victorica, \u00c1lvarez Thomas, Balb\u00edn, Constituyentes, Delgado, Freire, Lugones, Roseti, Sucre y Tronador.En total se van a sumar m\u00e1s de 9 kil\u00f3metros de obra que va a aumentar la capacidad de conducci\u00f3n de la red secundaria mediante la construcci\u00f3n de los 12 nuevos ramales.<\/p>\n","protected":false},"excerpt":{"rendered":"<p>\u00a0 El jefe de Gobierno porte\u00f1o, Horacio Rodr\u00edguez Larreta, recorri\u00f3\u00a0 ayer las obras del segundo emisario del Arroyo Vega que reducir\u00e1n el impacto de las lluvias y sudestadas, beneficiando as\u00ed a 315 mil vecinos de la Ciudad de Buenos Aires, y destac\u00f3 que \u201cla forma de terminar de bajar el riesgo es con obras como [&hellip;]<\/p>\n","protected":false},"author":1,"featured_media":6526,"comment_status":"open","ping_status":"open","sticky":false,"template":"","format":"standard","meta":{"_et_pb_use_builder":"","_et_pb_old_content":"","_et_gb_content_width":"","footnotes":""},"categories":[11,32],"tags":[],"class_list":["post-6525","post","type-post","status-publish","format-standard","has-post-thumbnail","hentry","category-ciudad","category-comunas"],"_links":{"self":[{"href":"https:\/\/vocesdebaires.com.ar\/index.php\/wp-json\/wp\/v2\/posts\/6525"}],"collection":[{"href":"https:\/\/vocesdebaires.com.ar\/index.php\/wp-json\/wp\/v2\/posts"}],"about":[{"href":"https:\/\/vocesdebaires.com.ar\/index.php\/wp-json\/wp\/v2\/types\/post"}],"author":[{"embeddable":true,"href":"https:\/\/vocesdebaires.com.ar\/index.php\/wp-json\/wp\/v2\/users\/1"}],"replies":[{"embeddable":true,"href":"https:\/\/vocesdebaires.com.ar\/index.php\/wp-json\/wp\/v2\/comments?post=6525"}],"version-history":[{"count":0,"href":"https:\/\/vocesdebaires.com.ar\/index.php\/wp-json\/wp\/v2\/posts\/6525\/revisions"}],"wp:featuredmedia":[{"embeddable":true,"href":"https:\/\/vocesdebaires.com.ar\/index.php\/wp-json\/wp\/v2\/media\/6526"}],"wp:attachment":[{"href":"https:\/\/vocesdebaires.com.ar\/index.php\/wp-json\/wp\/v2\/media?parent=6525"}],"wp:term":[{"taxonomy":"category","embeddable":true,"href":"https:\/\/vocesdebaires.com.ar\/index.php\/wp-json\/wp\/v2\/categories?post=6525"},{"taxonomy":"post_tag","embeddable":true,"href":"https:\/\/vocesdebaires.com.ar\/index.php\/wp-json\/wp\/v2\/tags?post=6525"}],"curies":[{"name":"wp","href":"https:\/\/api.w.org\/{rel}","templated":true}]}}