{"id":6580,"date":"2018-12-14T04:37:50","date_gmt":"2018-12-14T07:37:50","guid":{"rendered":"http:\/\/vocesdebaires.com.ar\/wordpress\/index.php\/2018\/12\/14\/legislatura-aprueban-plan-de-vivienda-asequible\/"},"modified":"2018-12-14T04:37:50","modified_gmt":"2018-12-14T07:37:50","slug":"legislatura-aprueban-plan-de-vivienda-asequible","status":"publish","type":"post","link":"https:\/\/vocesdebaires.com.ar\/index.php\/2018\/12\/14\/legislatura-aprueban-plan-de-vivienda-asequible\/","title":{"rendered":"Legislatura: Aprueban Plan de Vivienda Asequible"},"content":{"rendered":"<p>\u00a0<br \/>\nLa Legislatura aprob\u00f3 la creaci\u00f3n del Plan de Vivienda Asequible con el objeto de fomentar la oferta de inmuebles con destino a vivienda \u00fanica familiar de ocupaci\u00f3n permanente para compra o locaci\u00f3n de grupos familiares de sectores medios, que residan o trabajen en el \u00e1mbito de la Ciudad Aut\u00f3noma de Buenos Aires. Se entiende por vivienda asequible aquella a la que un grupo familiar, seg\u00fan los par\u00e1metros a definir por el Instituto de Vivienda de la Ciudad -IVC-, Autoridad de Aplicaci\u00f3n, pueda acceder destinando como m\u00e1ximo el 30% del total de sus ingresos.<br \/>\nEl proyecto propone la creaci\u00f3n de un marco normativo que permita dar respuesta a la demanda habitacional y se encuentra orientado a fomentar el desarrollo de emprendimientos que logren potenciar la capacidad de peque\u00f1os y medianos desarrolladores, como agentes de dinamizaci\u00f3n de la econom\u00eda, que puedan generar un c\u00edrculo virtuoso fomentando la creaci\u00f3n de puestos de trabajo, el desarrollo y el crecimiento econ\u00f3mico y de zonas urbanas.<br \/>\nEn la actualidad, y particularmente en el \u00e1mbito de la Ciudad Aut\u00f3noma de Buenos Aires, el acceso a una vivienda resulta sumamente dificultoso en virtud de la brecha entre el ingreso medio de la poblaci\u00f3n y el costo de una vivienda. \u00abLos datos provistos por la Direcci\u00f3n General de Estad\u00edsticas y Censos de la Ciudad Aut\u00f3noma de Buenos Aires, demuestran el crecimiento del inquilinato en la Ciudad. Por ello, resulta importante desarrollar una pol\u00edtica habitacional destinada a aquellos sectores socioecon\u00f3micos que, por sus condiciones, se vean con dificultades de acceder a una vivienda propia, a\u00fan cuando se encuentren fuera de la l\u00ednea de pobreza.<br \/>\nEntre las m\u00faltiples dificultades a las que se deben enfrentar estos sectores, se encuentran las complejas condiciones de acceso a los cr\u00e9ditos hipotecarios, las recurrentes fluctuaciones de sus tasas, y la escasa oferta de vivienda asequible (producto del desarrollo de proyectos constructivos en aquellas zonas donde los metros cuadrados son m\u00e1s caros)\u00bb, seg\u00fan argumentan en los fundamentos del proyecto los legisladores L\u00eda Rueda, Maximiliano Ferraro, Agust\u00edn Forchieri, Diego Garc\u00eda Vilas y Francisco Quintana (VJ). El despacho fue aprobado con 46 votos positivos y 11 negativos de los bloques de izquierda y UC.<\/p>\n","protected":false},"excerpt":{"rendered":"<p>\u00a0 La Legislatura aprob\u00f3 la creaci\u00f3n del Plan de Vivienda Asequible con el objeto de fomentar la oferta de inmuebles con destino a vivienda \u00fanica familiar de ocupaci\u00f3n permanente para compra o locaci\u00f3n de grupos familiares de sectores medios, que residan o trabajen en el \u00e1mbito de la Ciudad Aut\u00f3noma de Buenos Aires. Se entiende [&hellip;]<\/p>\n","protected":false},"author":1,"featured_media":6581,"comment_status":"open","ping_status":"open","sticky":false,"template":"","format":"standard","meta":{"_et_pb_use_builder":"","_et_pb_old_content":"","_et_gb_content_width":"","footnotes":""},"categories":[11,32],"tags":[],"class_list":["post-6580","post","type-post","status-publish","format-standard","has-post-thumbnail","hentry","category-ciudad","category-comunas"],"_links":{"self":[{"href":"https:\/\/vocesdebaires.com.ar\/index.php\/wp-json\/wp\/v2\/posts\/6580"}],"collection":[{"href":"https:\/\/vocesdebaires.com.ar\/index.php\/wp-json\/wp\/v2\/posts"}],"about":[{"href":"https:\/\/vocesdebaires.com.ar\/index.php\/wp-json\/wp\/v2\/types\/post"}],"author":[{"embeddable":true,"href":"https:\/\/vocesdebaires.com.ar\/index.php\/wp-json\/wp\/v2\/users\/1"}],"replies":[{"embeddable":true,"href":"https:\/\/vocesdebaires.com.ar\/index.php\/wp-json\/wp\/v2\/comments?post=6580"}],"version-history":[{"count":0,"href":"https:\/\/vocesdebaires.com.ar\/index.php\/wp-json\/wp\/v2\/posts\/6580\/revisions"}],"wp:featuredmedia":[{"embeddable":true,"href":"https:\/\/vocesdebaires.com.ar\/index.php\/wp-json\/wp\/v2\/media\/6581"}],"wp:attachment":[{"href":"https:\/\/vocesdebaires.com.ar\/index.php\/wp-json\/wp\/v2\/media?parent=6580"}],"wp:term":[{"taxonomy":"category","embeddable":true,"href":"https:\/\/vocesdebaires.com.ar\/index.php\/wp-json\/wp\/v2\/categories?post=6580"},{"taxonomy":"post_tag","embeddable":true,"href":"https:\/\/vocesdebaires.com.ar\/index.php\/wp-json\/wp\/v2\/tags?post=6580"}],"curies":[{"name":"wp","href":"https:\/\/api.w.org\/{rel}","templated":true}]}}