{"id":6619,"date":"2018-01-22T03:00:00","date_gmt":"2018-01-22T06:00:00","guid":{"rendered":"http:\/\/vocesdebaires.com.ar\/wordpress\/index.php\/2018\/01\/22\/larretareforma-en-la-plaza-arenales\/"},"modified":"2018-01-22T03:00:00","modified_gmt":"2018-01-22T06:00:00","slug":"larretareforma-en-la-plaza-arenales","status":"publish","type":"post","link":"https:\/\/vocesdebaires.com.ar\/index.php\/2018\/01\/22\/larretareforma-en-la-plaza-arenales\/","title":{"rendered":"Larreta:Reforma  en la Plaza Arenales"},"content":{"rendered":"<p>\u00a0<br \/>\nEl jefe de Gobierno porte\u00f1o, Horacio Rodr\u00edguez Larreta, present\u00f3 el pasado viernes la Puesta en Valor de la Plaza Arenales, que ahora tendr\u00e1 nuevas funcionalidades y m\u00e1s espacios verdes a partir de las propuestas sugeridas por los vecinos del barrio de Villa Devoto. \u201cEl arreglo de una plaza es m\u00e1s calidad de vida para los vecinos\u201d, destac\u00f3 el Jefe de Gobierno, acompa\u00f1ado por el secretario de Atenci\u00f3n y Gesti\u00f3n Ciudadana, Facundo Carrillo, y el presidente de la Comuna 11, Carlos Guzzini.<br \/>\nEntre las obras que se realizaron se repar\u00f3 el sistema de riego, se colocaron canteros nuevos, se agregaron postas aer\u00f3bicas, se instalaron bancos en el centro de la plaza y se mejor\u00f3 el patio de juegos.Rodr\u00edguez Larreta defini\u00f3 la Plaza Arenales como \u201cuno de los lugares m\u00e1s emblem\u00e1ticos del barrio y de la Ciudad\u201d, y agreg\u00f3: \u201cLa plaza es el jard\u00edn de la casa de todos, y lo tenemos que cuidar entre todos\u201d. \u201cEl acceder a un espacio verde, a un lugar para hacer ejercicio y estar en contacto con la naturaleza mejora tambi\u00e9n la salud. Por eso tanto esfuerzo hacemos por recuperar y mantener cada vez mejor los espacios verdes de la Ciudad\u201d, explic\u00f3.<br \/>\nAsimismo, record\u00f3 que en el Gobierno \u201cqueremos sumar 110 hect\u00e1reas verdes en la Ciudad, y venimos haci\u00e9ndolo a\u00f1o tras a\u00f1o\u201d.Por su parte, Carrillo precis\u00f3 que adem\u00e1s \u201cpusimos 8.000 panes de c\u00e9sped, sembramos en todos los lugares, pusimos riego\u201d y \u201ccon la ayuda de ustedes vamos a lograr que esta plaza est\u00e9 mejor y que se mantenga\u201d. \u201cNo soy de este barrio pero admiro la belleza que tiene y esta plaza est\u00e1 a la altura del barrio tambi\u00e9n\u201d, agreg\u00f3 el secretario.En tanto, Guzzini manifest\u00f3 que \u201ces una alegr\u00eda para nosotros poder reinaugurar el trabajo de mantenimiento y de puesta en valor de esta plaza emblem\u00e1tica en nuestra comuna\u201d.<br \/>\nHacia fines del siglo XIX, estos terrenos estaban muy poco poblados, y se utilizaban para construir quintas de fin de semana y lujosos caserones. Las grandes extensiones sin urbanizar, junto con los amplios jardines de las propiedades, fueron formando la reputaci\u00f3n del barrio como \u201cEl jard\u00edn de Buenos Aires\u201d, caracter\u00edstica que hoy lo sigue identificando.Villa Devoto es el barrio porte\u00f1o con m\u00e1s \u00e1rboles y menos tr\u00e1nsito de toda la Ciudad, haciendo de este uno de los lugares residenciales de mejor calidad de vida.<\/p>\n","protected":false},"excerpt":{"rendered":"<p>\u00a0 El jefe de Gobierno porte\u00f1o, Horacio Rodr\u00edguez Larreta, present\u00f3 el pasado viernes la Puesta en Valor de la Plaza Arenales, que ahora tendr\u00e1 nuevas funcionalidades y m\u00e1s espacios verdes a partir de las propuestas sugeridas por los vecinos del barrio de Villa Devoto. \u201cEl arreglo de una plaza es m\u00e1s calidad de vida para [&hellip;]<\/p>\n","protected":false},"author":1,"featured_media":6620,"comment_status":"open","ping_status":"open","sticky":false,"template":"","format":"standard","meta":{"_et_pb_use_builder":"","_et_pb_old_content":"","_et_gb_content_width":"","footnotes":""},"categories":[11,32],"tags":[],"class_list":["post-6619","post","type-post","status-publish","format-standard","has-post-thumbnail","hentry","category-ciudad","category-comunas"],"_links":{"self":[{"href":"https:\/\/vocesdebaires.com.ar\/index.php\/wp-json\/wp\/v2\/posts\/6619"}],"collection":[{"href":"https:\/\/vocesdebaires.com.ar\/index.php\/wp-json\/wp\/v2\/posts"}],"about":[{"href":"https:\/\/vocesdebaires.com.ar\/index.php\/wp-json\/wp\/v2\/types\/post"}],"author":[{"embeddable":true,"href":"https:\/\/vocesdebaires.com.ar\/index.php\/wp-json\/wp\/v2\/users\/1"}],"replies":[{"embeddable":true,"href":"https:\/\/vocesdebaires.com.ar\/index.php\/wp-json\/wp\/v2\/comments?post=6619"}],"version-history":[{"count":0,"href":"https:\/\/vocesdebaires.com.ar\/index.php\/wp-json\/wp\/v2\/posts\/6619\/revisions"}],"wp:featuredmedia":[{"embeddable":true,"href":"https:\/\/vocesdebaires.com.ar\/index.php\/wp-json\/wp\/v2\/media\/6620"}],"wp:attachment":[{"href":"https:\/\/vocesdebaires.com.ar\/index.php\/wp-json\/wp\/v2\/media?parent=6619"}],"wp:term":[{"taxonomy":"category","embeddable":true,"href":"https:\/\/vocesdebaires.com.ar\/index.php\/wp-json\/wp\/v2\/categories?post=6619"},{"taxonomy":"post_tag","embeddable":true,"href":"https:\/\/vocesdebaires.com.ar\/index.php\/wp-json\/wp\/v2\/tags?post=6619"}],"curies":[{"name":"wp","href":"https:\/\/api.w.org\/{rel}","templated":true}]}}