{"id":6696,"date":"2018-02-14T03:00:00","date_gmt":"2018-02-14T06:00:00","guid":{"rendered":"http:\/\/vocesdebaires.com.ar\/wordpress\/index.php\/2018\/02\/14\/sigue-abierto-registro-para-inscribir-a-foodtrucks\/"},"modified":"2018-02-14T03:00:00","modified_gmt":"2018-02-14T06:00:00","slug":"sigue-abierto-registro-para-inscribir-a-foodtrucks","status":"publish","type":"post","link":"https:\/\/vocesdebaires.com.ar\/index.php\/2018\/02\/14\/sigue-abierto-registro-para-inscribir-a-foodtrucks\/","title":{"rendered":"Sigue abierto: Registro para inscribir a foodtrucks"},"content":{"rendered":"<p>\u00a0<br \/>\nEl Gobierno porte\u00f1o, a trav\u00e9s de BA Capital Gastron\u00f3mica, abri\u00f3 la inscripci\u00f3n para los interesados en tener un foodtruck que pueda prestar servicio dentro del \u00e1mbito de la Ciudad de Buenos Aires. Para esto, deber\u00e1n contar con la Habilitaci\u00f3n General, que consiste en una habilitaci\u00f3n higi\u00e9nico-sanitaria vehicular que se tramita ante la Direcci\u00f3n General de Higiene y Seguridad Alimentaria de la Agencia Gubernamental de Control.Los interesados deben inscribir el veh\u00edculo en el portal de la Agencia Gubernamental de Control para la presentaci\u00f3n de la informaci\u00f3n obligatoria.<br \/>\nHasta el 31 de marzo podr\u00e1n anotarse los foodtrucks para participar de eventos p\u00fablicos y privados. Adem\u00e1s, cada veh\u00edculo debe estar registrado en el Registro de Generadores, Operadores y Transportistas de Aceites Vegetales Usados. Una vez aprobada la habilitaci\u00f3n, se procede a una inspecci\u00f3n de las instalaciones del veh\u00edculo para verificar el cumplimiento de la norma, obteniendo una oblea con c\u00f3digo QR habilitante. La habilitaci\u00f3n tiene vigencia por un a\u00f1o desde la fecha de librado al uso que presenta el QR, momento en el cual deber\u00e1 reinscribirse y ser evaluado nuevamente.<br \/>\n\u201cEsta iniciativa forma parte de BA Capital Gastron\u00f3mica, hoy existe una gran movida de foodtrucks que adem\u00e1s de llevar la propuesta gastron\u00f3mica a m\u00e1s barrios de la Ciudad, generar\u00e1 nuevos puestos de trabajo, activar\u00e1 las zonas donde se instalen y permitir\u00e1 que los vecinos disfruten del espacio p\u00fablico de otra manera\u201d, sostuvo Diego Santilli, Vicejefe de Gobierno. Para estar en v\u00eda p\u00fablica, una vez habilitado, deber\u00e1 contar con un permiso, otorgado por la Direcci\u00f3n General de Ordenamiento y Espacio P\u00fablico del Ministerio de Ambiente y Espacio P\u00fablico de la Ciudad de Buenos Aires. Para mayor informaci\u00f3n acerca de las caracter\u00edsticas del veh\u00edculo, condiciones de higiene y productos en el puesto, ingresar a <a href=\"http:\/\/www.buenosaires.gob.ar\/noticias\/informacion-para-foodtrucks\"&gt;www.buenosaires.gob.ar\/noticias\/informaci\u00f3n-para-foodtrucks<\/a>.<br \/>\nBA Capital Gastron\u00f3mica es un programa de Gobierno que busca impulsar a la Ciudad de Buenos Aires como la Capital Gastron\u00f3mica de Am\u00e9rica Latina, tiene como objetivo la promoci\u00f3n y el desarrollo gastron\u00f3mico para generar m\u00e1s turismo, empleo y desarrollo econ\u00f3mico de nuestro pa\u00eds. El objetivo es posicionar a la Ciudad como un lugar de encuentro en donde familias, amigos y enamorados se re\u00fanan alrededor de la mesa a comer y disfrutar los sabores de nuestra cultura.<\/p>\n","protected":false},"excerpt":{"rendered":"<p>\u00a0 El Gobierno porte\u00f1o, a trav\u00e9s de BA Capital Gastron\u00f3mica, abri\u00f3 la inscripci\u00f3n para los interesados en tener un foodtruck que pueda prestar servicio dentro del \u00e1mbito de la Ciudad de Buenos Aires. Para esto, deber\u00e1n contar con la Habilitaci\u00f3n General, que consiste en una habilitaci\u00f3n higi\u00e9nico-sanitaria vehicular que se tramita ante la Direcci\u00f3n General [&hellip;]<\/p>\n","protected":false},"author":1,"featured_media":6697,"comment_status":"open","ping_status":"open","sticky":false,"template":"","format":"standard","meta":{"_et_pb_use_builder":"","_et_pb_old_content":"","_et_gb_content_width":"","footnotes":""},"categories":[11,32],"tags":[],"class_list":["post-6696","post","type-post","status-publish","format-standard","has-post-thumbnail","hentry","category-ciudad","category-comunas"],"_links":{"self":[{"href":"https:\/\/vocesdebaires.com.ar\/index.php\/wp-json\/wp\/v2\/posts\/6696"}],"collection":[{"href":"https:\/\/vocesdebaires.com.ar\/index.php\/wp-json\/wp\/v2\/posts"}],"about":[{"href":"https:\/\/vocesdebaires.com.ar\/index.php\/wp-json\/wp\/v2\/types\/post"}],"author":[{"embeddable":true,"href":"https:\/\/vocesdebaires.com.ar\/index.php\/wp-json\/wp\/v2\/users\/1"}],"replies":[{"embeddable":true,"href":"https:\/\/vocesdebaires.com.ar\/index.php\/wp-json\/wp\/v2\/comments?post=6696"}],"version-history":[{"count":0,"href":"https:\/\/vocesdebaires.com.ar\/index.php\/wp-json\/wp\/v2\/posts\/6696\/revisions"}],"wp:featuredmedia":[{"embeddable":true,"href":"https:\/\/vocesdebaires.com.ar\/index.php\/wp-json\/wp\/v2\/media\/6697"}],"wp:attachment":[{"href":"https:\/\/vocesdebaires.com.ar\/index.php\/wp-json\/wp\/v2\/media?parent=6696"}],"wp:term":[{"taxonomy":"category","embeddable":true,"href":"https:\/\/vocesdebaires.com.ar\/index.php\/wp-json\/wp\/v2\/categories?post=6696"},{"taxonomy":"post_tag","embeddable":true,"href":"https:\/\/vocesdebaires.com.ar\/index.php\/wp-json\/wp\/v2\/tags?post=6696"}],"curies":[{"name":"wp","href":"https:\/\/api.w.org\/{rel}","templated":true}]}}