{"id":6724,"date":"2018-07-27T03:14:53","date_gmt":"2018-07-27T06:14:53","guid":{"rendered":"http:\/\/vocesdebaires.com.ar\/wordpress\/index.php\/2018\/07\/27\/barrio-31larreta-y-marcos-pena-visitaron-obras\/"},"modified":"2018-07-27T03:14:53","modified_gmt":"2018-07-27T06:14:53","slug":"barrio-31larreta-y-marcos-pena-visitaron-obras","status":"publish","type":"post","link":"https:\/\/vocesdebaires.com.ar\/index.php\/2018\/07\/27\/barrio-31larreta-y-marcos-pena-visitaron-obras\/","title":{"rendered":"Barrio 31:Larreta y Marcos Pe\u00f1a visitaron obras"},"content":{"rendered":"<p>\u00a0<br \/>\nEl jefe de Gobierno de la Ciudad de Buenos Aires, Horacio Rodr\u00edguez Larreta, y el jefe de Gabinete del Gobierno Nacional, Marcos Pe\u00f1a, visitaron las obras del futuro Polo Educativo del Barrio 31. En la recorrida junto a la ministra de Educaci\u00f3n porte\u00f1a, Soledad Acu\u00f1a, y el secretario de Integraci\u00f3n Social y Urbana, Diego Fern\u00e1ndez, conversaron con los vecinos sobre la transformaci\u00f3n del barrio, que como parte del polo educativo albergar\u00e1 al Ministerio de Educaci\u00f3n de la Ciudad, adem\u00e1s de una escuela de nivel inicial y una primaria, y un centro educativo para adultos.<\/p>\n","protected":false},"excerpt":{"rendered":"<p>\u00a0 El jefe de Gobierno de la Ciudad de Buenos Aires, Horacio Rodr\u00edguez Larreta, y el jefe de Gabinete del Gobierno Nacional, Marcos Pe\u00f1a, visitaron las obras del futuro Polo Educativo del Barrio 31. En la recorrida junto a la ministra de Educaci\u00f3n porte\u00f1a, Soledad Acu\u00f1a, y el secretario de Integraci\u00f3n Social y Urbana, Diego [&hellip;]<\/p>\n","protected":false},"author":1,"featured_media":6725,"comment_status":"open","ping_status":"open","sticky":false,"template":"","format":"standard","meta":{"_et_pb_use_builder":"","_et_pb_old_content":"","_et_gb_content_width":"","footnotes":""},"categories":[11,32],"tags":[],"class_list":["post-6724","post","type-post","status-publish","format-standard","has-post-thumbnail","hentry","category-ciudad","category-comunas"],"_links":{"self":[{"href":"https:\/\/vocesdebaires.com.ar\/index.php\/wp-json\/wp\/v2\/posts\/6724"}],"collection":[{"href":"https:\/\/vocesdebaires.com.ar\/index.php\/wp-json\/wp\/v2\/posts"}],"about":[{"href":"https:\/\/vocesdebaires.com.ar\/index.php\/wp-json\/wp\/v2\/types\/post"}],"author":[{"embeddable":true,"href":"https:\/\/vocesdebaires.com.ar\/index.php\/wp-json\/wp\/v2\/users\/1"}],"replies":[{"embeddable":true,"href":"https:\/\/vocesdebaires.com.ar\/index.php\/wp-json\/wp\/v2\/comments?post=6724"}],"version-history":[{"count":0,"href":"https:\/\/vocesdebaires.com.ar\/index.php\/wp-json\/wp\/v2\/posts\/6724\/revisions"}],"wp:featuredmedia":[{"embeddable":true,"href":"https:\/\/vocesdebaires.com.ar\/index.php\/wp-json\/wp\/v2\/media\/6725"}],"wp:attachment":[{"href":"https:\/\/vocesdebaires.com.ar\/index.php\/wp-json\/wp\/v2\/media?parent=6724"}],"wp:term":[{"taxonomy":"category","embeddable":true,"href":"https:\/\/vocesdebaires.com.ar\/index.php\/wp-json\/wp\/v2\/categories?post=6724"},{"taxonomy":"post_tag","embeddable":true,"href":"https:\/\/vocesdebaires.com.ar\/index.php\/wp-json\/wp\/v2\/tags?post=6724"}],"curies":[{"name":"wp","href":"https:\/\/api.w.org\/{rel}","templated":true}]}}