{"id":6748,"date":"2018-07-18T03:00:00","date_gmt":"2018-07-18T06:00:00","guid":{"rendered":"http:\/\/vocesdebaires.com.ar\/wordpress\/index.php\/2018\/07\/18\/comuna-1construye-una-nueva-escuela\/"},"modified":"2018-07-18T03:00:00","modified_gmt":"2018-07-18T06:00:00","slug":"comuna-1construye-una-nueva-escuela","status":"publish","type":"post","link":"https:\/\/vocesdebaires.com.ar\/index.php\/2018\/07\/18\/comuna-1construye-una-nueva-escuela\/","title":{"rendered":"Comuna 1:construye una nueva escuela"},"content":{"rendered":"<p>\u00a0<br \/>\nLa Ciudad comenz\u00f3 a construir una nueva escuela con sala de 3 en la Comuna 1. Este es un hito que forma parte de un plan mucho m\u00e1s grande: por nuestro Compromiso de Gobierno, hacia 2019 habr\u00e1 30 nuevos establecimientos con sala de 3 a\u00f1os. Una de ellas estar\u00e1 ubicada en Avenida Calabria y Rosario Vera Pe\u00f1aloza, a la altura de Dique 1.La escuela tendr\u00e1 ocho aulas y vacantes para 150 alumnos de nivel inicial, en las salas de 3, de 4 y de 5. Ser\u00e1 una soluci\u00f3n a las necesidades educativas de los chicos del Barrio Rodrigo Bueno. M\u00e1s detalles sobre c\u00f3mo ser\u00e1 la escuela. Adem\u00e1s, seguir\u00e1 los criterios de sostenibilidad y de arquitectura bioclim\u00e1tica que plantea las Naciones Unidas. El dise\u00f1o del edificio tiene en cuenta las condiciones clim\u00e1ticas del lugar donde estar\u00e1 emplazado y tambi\u00e9n se utilizan materiales para ahorrar energ\u00eda.<br \/>\nAs\u00ed, por ejemplo, en la escuela habr\u00e1 ventilaci\u00f3n cruzada para permitir la renovaci\u00f3n de aire natural en los ambientes, un sistema de recuperaci\u00f3n de agua de lluvia y otro para la protecci\u00f3n solar. Tambi\u00e9n se utilizar\u00e1n luces LED y vegetaci\u00f3n caduca para gestionar de mejor modo la luz natural y la temperatura de acuerdo con las estaciones. Tambi\u00e9n se construir\u00e1 una huerta pedag\u00f3gica. M\u00e1s salas de 3, m\u00e1s integraci\u00f3n. Las escuelas con sala de 3 a\u00f1os son una inversi\u00f3n para el futuro de nuestra sociedad. Cada a\u00f1o de escuela pre-primaria aumenta el desempe\u00f1o posterior de los alumnos, as\u00ed como sus habilidades de colaboraci\u00f3n, atenci\u00f3n, esfuerzo, participaci\u00f3n en clase y disciplina. Ya construimos 10 de las 30 escuelas proyectadas y estamos avanzando en las 20 que restan. Conoc\u00e9 d\u00f3nde se ubican los establecimientos.<br \/>\nCompromiso CumplidoCumplimos el Compromiso de Educaci\u00f3n Digital para los chicos desde los 5 a\u00f1os.A partir del ciclo lectivo 2018, el 100% de las salas de 5 cuentan con un atelier digital para integrar a los procesos de ense\u00f1anza y aprendizaje de la cultura digital. Con ellas, los estudiantes pueden desarrollar las competencias propias de la sociedad digital y potenciar el talento creativo e innovador.Compromisos de Gobierno en educaci\u00f3n.Los compromisos en educaci\u00f3n tienen como fin mejorar la infraestructura y el aprendizaje, y as\u00ed preparar a los alumnos y las alumnas de la Ciudad para los trabajos del futuro. Conoc\u00e9 m\u00e1s sobre los dem\u00e1s Compromisos de Gobierno en educaci\u00f3n:<br \/>\nEl 100% de los docentes estar\u00e1 capacitado en tecnolog\u00edas digitales.Capacitaremos a 15.000 j\u00f3venes hacia 2019 para que sean protagonistas en el mundo laboral.Todos los chicos entre 11 y 14 a\u00f1os tendr\u00e1n Jornada Extendida.3.000 alumnos de secundaria continuar\u00e1n estudiando.Edificaremos un Polo Educativo en Mataderos, que contar\u00e1 con una escuela inicial, una primaria, una escuela t\u00e9cnica y un polideportivo.Completaremos 8 polos educativos en la Ciudad<\/p>\n","protected":false},"excerpt":{"rendered":"<p>\u00a0 La Ciudad comenz\u00f3 a construir una nueva escuela con sala de 3 en la Comuna 1. Este es un hito que forma parte de un plan mucho m\u00e1s grande: por nuestro Compromiso de Gobierno, hacia 2019 habr\u00e1 30 nuevos establecimientos con sala de 3 a\u00f1os. Una de ellas estar\u00e1 ubicada en Avenida Calabria y [&hellip;]<\/p>\n","protected":false},"author":1,"featured_media":6749,"comment_status":"open","ping_status":"open","sticky":false,"template":"","format":"standard","meta":{"_et_pb_use_builder":"","_et_pb_old_content":"","_et_gb_content_width":"","footnotes":""},"categories":[11,32],"tags":[],"class_list":["post-6748","post","type-post","status-publish","format-standard","has-post-thumbnail","hentry","category-ciudad","category-comunas"],"_links":{"self":[{"href":"https:\/\/vocesdebaires.com.ar\/index.php\/wp-json\/wp\/v2\/posts\/6748"}],"collection":[{"href":"https:\/\/vocesdebaires.com.ar\/index.php\/wp-json\/wp\/v2\/posts"}],"about":[{"href":"https:\/\/vocesdebaires.com.ar\/index.php\/wp-json\/wp\/v2\/types\/post"}],"author":[{"embeddable":true,"href":"https:\/\/vocesdebaires.com.ar\/index.php\/wp-json\/wp\/v2\/users\/1"}],"replies":[{"embeddable":true,"href":"https:\/\/vocesdebaires.com.ar\/index.php\/wp-json\/wp\/v2\/comments?post=6748"}],"version-history":[{"count":0,"href":"https:\/\/vocesdebaires.com.ar\/index.php\/wp-json\/wp\/v2\/posts\/6748\/revisions"}],"wp:featuredmedia":[{"embeddable":true,"href":"https:\/\/vocesdebaires.com.ar\/index.php\/wp-json\/wp\/v2\/media\/6749"}],"wp:attachment":[{"href":"https:\/\/vocesdebaires.com.ar\/index.php\/wp-json\/wp\/v2\/media?parent=6748"}],"wp:term":[{"taxonomy":"category","embeddable":true,"href":"https:\/\/vocesdebaires.com.ar\/index.php\/wp-json\/wp\/v2\/categories?post=6748"},{"taxonomy":"post_tag","embeddable":true,"href":"https:\/\/vocesdebaires.com.ar\/index.php\/wp-json\/wp\/v2\/tags?post=6748"}],"curies":[{"name":"wp","href":"https:\/\/api.w.org\/{rel}","templated":true}]}}