{"id":6837,"date":"2018-03-30T03:00:00","date_gmt":"2018-03-30T06:00:00","guid":{"rendered":"http:\/\/vocesdebaires.com.ar\/wordpress\/index.php\/2018\/03\/30\/paso-bajo-nivel-nazca-eligieron-el-mural\/"},"modified":"2018-03-30T03:00:00","modified_gmt":"2018-03-30T06:00:00","slug":"paso-bajo-nivel-nazca-eligieron-el-mural","status":"publish","type":"post","link":"https:\/\/vocesdebaires.com.ar\/index.php\/2018\/03\/30\/paso-bajo-nivel-nazca-eligieron-el-mural\/","title":{"rendered":"Paso Bajo Nivel Nazca: Eligieron el mural"},"content":{"rendered":"<p>\u00a0<br \/>\nCuando se inaugure, el Paso Bajo Nivel Nazca lucir\u00e1 a lo largo de sus 565 metros un mural en homenaje a cuatro vecinos de la Comuna 11: Mariano Mores, Juan Carlos Calabr\u00f3, Gilda y Jorge Guinzburg. La obra tiene dos partes, una para cada mano del viaducto y la Ciudad les propuso a los vecinos que eligieran entre dos dise\u00f1os: gan\u00f3 la Opci\u00f3n 1.La convocatoria se realiz\u00f3 a trav\u00e9s de Participaci\u00f3n Ciudadana y la votaci\u00f3n se realiz\u00f3 a trav\u00e9s de los distintos canales de comunicaci\u00f3n de Participaci\u00f3n Ciudadana (web, mail, RRSS y territorialmente), entre el 19 y el 25 de marzo durante 7 d\u00edas corridos. 25.296 porte\u00f1os participaron en la elecci\u00f3n, de los cuales 14.392 se inclinaron por la Opci\u00f3n 1 y 10.904 lo hicieron por la Opci\u00f3n 2.En una de las paredes del viaducto estar\u00e1n representados Mariano Mores y Juan Carlos Calabr\u00f3. En la otra, se podr\u00e1 ver a Gilda y Jorge Guinzburg.<br \/>\nLa obraEl paso bajo nivel tendr\u00e1 565 metros de extensi\u00f3n y una altura de 5,10 metros en la traza de la avenida Nazca, entre Marcos Sastre y Pedro Lozano, bajo las v\u00edas del tren San Mart\u00edn. Adem\u00e1s, contar\u00e1 con pasarelas peatonales bajo nivel, apta para personas con movilidad reducida. En los costados, se realizar\u00e1 la puesta en valor del espacio con superficies verdes y mobiliario nuevo.<\/p>\n","protected":false},"excerpt":{"rendered":"<p>\u00a0 Cuando se inaugure, el Paso Bajo Nivel Nazca lucir\u00e1 a lo largo de sus 565 metros un mural en homenaje a cuatro vecinos de la Comuna 11: Mariano Mores, Juan Carlos Calabr\u00f3, Gilda y Jorge Guinzburg. La obra tiene dos partes, una para cada mano del viaducto y la Ciudad les propuso a los [&hellip;]<\/p>\n","protected":false},"author":1,"featured_media":6838,"comment_status":"open","ping_status":"open","sticky":false,"template":"","format":"standard","meta":{"_et_pb_use_builder":"","_et_pb_old_content":"","_et_gb_content_width":"","footnotes":""},"categories":[11,32],"tags":[],"class_list":["post-6837","post","type-post","status-publish","format-standard","has-post-thumbnail","hentry","category-ciudad","category-comunas"],"_links":{"self":[{"href":"https:\/\/vocesdebaires.com.ar\/index.php\/wp-json\/wp\/v2\/posts\/6837"}],"collection":[{"href":"https:\/\/vocesdebaires.com.ar\/index.php\/wp-json\/wp\/v2\/posts"}],"about":[{"href":"https:\/\/vocesdebaires.com.ar\/index.php\/wp-json\/wp\/v2\/types\/post"}],"author":[{"embeddable":true,"href":"https:\/\/vocesdebaires.com.ar\/index.php\/wp-json\/wp\/v2\/users\/1"}],"replies":[{"embeddable":true,"href":"https:\/\/vocesdebaires.com.ar\/index.php\/wp-json\/wp\/v2\/comments?post=6837"}],"version-history":[{"count":0,"href":"https:\/\/vocesdebaires.com.ar\/index.php\/wp-json\/wp\/v2\/posts\/6837\/revisions"}],"wp:featuredmedia":[{"embeddable":true,"href":"https:\/\/vocesdebaires.com.ar\/index.php\/wp-json\/wp\/v2\/media\/6838"}],"wp:attachment":[{"href":"https:\/\/vocesdebaires.com.ar\/index.php\/wp-json\/wp\/v2\/media?parent=6837"}],"wp:term":[{"taxonomy":"category","embeddable":true,"href":"https:\/\/vocesdebaires.com.ar\/index.php\/wp-json\/wp\/v2\/categories?post=6837"},{"taxonomy":"post_tag","embeddable":true,"href":"https:\/\/vocesdebaires.com.ar\/index.php\/wp-json\/wp\/v2\/tags?post=6837"}],"curies":[{"name":"wp","href":"https:\/\/api.w.org\/{rel}","templated":true}]}}