{"id":686,"date":"2020-01-07T03:00:00","date_gmt":"2020-01-07T06:00:00","guid":{"rendered":"http:\/\/vocesdebaires.com.ar\/wordpress\/index.php\/2020\/01\/07\/santilli-resalto-la-tarea-de-fuerzas-especiales\/"},"modified":"2020-01-07T03:00:00","modified_gmt":"2020-01-07T06:00:00","slug":"santilli-resalto-la-tarea-de-fuerzas-especiales","status":"publish","type":"post","link":"https:\/\/vocesdebaires.com.ar\/index.php\/2020\/01\/07\/santilli-resalto-la-tarea-de-fuerzas-especiales\/","title":{"rendered":"Santilli resalt\u00f3 la tarea de Fuerzas Especiales"},"content":{"rendered":"<p>Santilli resalt\u00f3 la tarea de los miembros del Departamento de Fuerzas Especiales, la Divisi\u00f3n Operaciones Especiales Metropolitanas (DOEM) y la Comisaria Vecinal 14A y de la Polic\u00eda de la Ciudad, que intervinieron en el operativo: \u00abHemos puesto a la ciudad a nivel de robos como hace 25 a\u00f1os, por debajo de los 5.000 mensuales, y todo es trabajo de ustedes. La fuerza demostr\u00f3 que es la de mayor imagen positiva en la Rep\u00fablica Argentina, eso lo construyen ustedes y tenemos que seguir as\u00ed. Hoy estamos firmes para construir una ciudad mucho mejor\u00bb.<\/p>\n<p>El encuentro se llev\u00f3 a cabo en la Casa de Gobierno de la Ciudad donde los funcionarios entregaron un diploma y reconocieron el trabajo de todo el personal de la Polic\u00eda de la Ciudad que particip\u00f3 del operativo de rescate el pasado jueves 2 de enero, cuando en horas del mediod\u00eda, un hombre de nacionalidad colombiana se atrincher\u00f3 junto a su hija, de tres d\u00edas de vida, dentro de una ambulancia luego de golpear fuertemente a la madre. Gracias a un exitoso trabajo policial se logr\u00f3 rescatar a la beb\u00e9 y su la mam\u00e1, ambas sanas y salvas, y se captur\u00f3 al agresor.<\/p>\n<p>Por su parte, el jefe de Polic\u00eda de la Ciudad, Gabriel Berard, explic\u00f3: \u00abSiguiendo con la l\u00f3gica con la que terminamos el a\u00f1o, lo empezamos trabajando y le agradecemos a todos por la funci\u00f3n que cumplen. El mes de diciembre fue de mucho trabajo y estamos dando respuesta constantemente. La gente de la comisar\u00eda es la primera que llega al lugar y sin ustedes no se pueden hacer bien las cosas. Vamos por buen camino\u00bb. \u00abSe logr\u00f3 este resultado gracias al gran equipo que tenemos y a que trabajamos en conjunto. Este fue un caso en particular porque la beb\u00e9 ten\u00eda tres d\u00edas y era muy complejo pero gracias al profesionalismo sali\u00f3 todo perfecto\u00bb, expres\u00f3 el inspector principal Cesar Benditti del DOEM.-<\/p>\n","protected":false},"excerpt":{"rendered":"<p>Santilli resalt\u00f3 la tarea de los miembros del Departamento de Fuerzas Especiales, la Divisi\u00f3n Operaciones Especiales Metropolitanas (DOEM) y la Comisaria Vecinal 14A y de la Polic\u00eda de la Ciudad, que intervinieron en el operativo: \u00abHemos puesto a la ciudad a nivel de robos como hace 25 a\u00f1os, por debajo de los 5.000 mensuales, y [&hellip;]<\/p>\n","protected":false},"author":1,"featured_media":687,"comment_status":"open","ping_status":"open","sticky":false,"template":"","format":"standard","meta":{"_et_pb_use_builder":"","_et_pb_old_content":"","_et_gb_content_width":"","footnotes":""},"categories":[11,33],"tags":[],"class_list":["post-686","post","type-post","status-publish","format-standard","has-post-thumbnail","hentry","category-ciudad","category-sociedad-y-cultura-2"],"_links":{"self":[{"href":"https:\/\/vocesdebaires.com.ar\/index.php\/wp-json\/wp\/v2\/posts\/686"}],"collection":[{"href":"https:\/\/vocesdebaires.com.ar\/index.php\/wp-json\/wp\/v2\/posts"}],"about":[{"href":"https:\/\/vocesdebaires.com.ar\/index.php\/wp-json\/wp\/v2\/types\/post"}],"author":[{"embeddable":true,"href":"https:\/\/vocesdebaires.com.ar\/index.php\/wp-json\/wp\/v2\/users\/1"}],"replies":[{"embeddable":true,"href":"https:\/\/vocesdebaires.com.ar\/index.php\/wp-json\/wp\/v2\/comments?post=686"}],"version-history":[{"count":0,"href":"https:\/\/vocesdebaires.com.ar\/index.php\/wp-json\/wp\/v2\/posts\/686\/revisions"}],"wp:featuredmedia":[{"embeddable":true,"href":"https:\/\/vocesdebaires.com.ar\/index.php\/wp-json\/wp\/v2\/media\/687"}],"wp:attachment":[{"href":"https:\/\/vocesdebaires.com.ar\/index.php\/wp-json\/wp\/v2\/media?parent=686"}],"wp:term":[{"taxonomy":"category","embeddable":true,"href":"https:\/\/vocesdebaires.com.ar\/index.php\/wp-json\/wp\/v2\/categories?post=686"},{"taxonomy":"post_tag","embeddable":true,"href":"https:\/\/vocesdebaires.com.ar\/index.php\/wp-json\/wp\/v2\/tags?post=686"}],"curies":[{"name":"wp","href":"https:\/\/api.w.org\/{rel}","templated":true}]}}