{"id":690,"date":"2020-01-07T03:00:00","date_gmt":"2020-01-07T06:00:00","guid":{"rendered":"http:\/\/vocesdebaires.com.ar\/wordpress\/index.php\/2020\/01\/07\/vacacionessocorro-ni-lujo-ni-capricho\/"},"modified":"2020-01-07T03:00:00","modified_gmt":"2020-01-07T06:00:00","slug":"vacacionessocorro-ni-lujo-ni-capricho","status":"publish","type":"post","link":"https:\/\/vocesdebaires.com.ar\/index.php\/2020\/01\/07\/vacacionessocorro-ni-lujo-ni-capricho\/","title":{"rendered":"Vacaciones:\u00bfSocorro? ni lujo, ni capricho"},"content":{"rendered":"<p>Clr. Claudia Quiroga Daldi<br \/>Equipo de difusi\u00f3n del Counseling<br \/>Asociaci\u00f3n Argentina de Counselors<\/p>\n<p>Seg\u00fan la Real Academia Espa\u00f1ola, Vacaci\u00f3n (lo toma en singular) es el descanso temporal de una actividad habitual, principalmente del trabajo remunerado o de los estudios. Sin embargo, no es inusual que luego de nuestras vacaciones descubramos que no descansamos lo suficiente y cierta sensaci\u00f3n de desasosiego nos embarga al caer en la cuenta que esos d\u00edas tan anhelados ya pasaron y que para tener una nueva oportunidad de descanso falta un largo a\u00f1o.<\/p>\n<p>Como counselors es frecuente que acompa\u00f1emos a consultantes para quienes las vacaciones traen aparejados conflictos, a\u00fan desde su planificaci\u00f3n. Comparten distintos tipos de problem\u00e1tica, como el logro de acuerdos en la etapa previa, falta de disfrute motivado por diversas circunstancias, imposibilidad de desconectarse del todo de lo laboral o sensaci\u00f3n de frustraci\u00f3n en la etapa posterior, si se pudo viajar o dificultad para encontrar alternativas que resulten satisfactorias si la situaci\u00f3n econ\u00f3mica lo impide, por citar algunas de las situaciones que motivan las consultas.<\/p>\n<p>\u00bfEs posible transitarlas plenamente?<\/p>\n<p>O en caso de que esto no suceda al menos que no se transformen en un motivo m\u00e1s de estr\u00e9s. Quiz\u00e1s teniendo en cuenta que vacacionar no es sin\u00f3nimo de viajar ni implica necesariamente una sucesi\u00f3n interminable de actividades, sino que tiene que ver m\u00e1s bien con descansar, recargar energ\u00eda y pausar lo habitual. Es simple, aunque no siempre f\u00e1cil. Es probable que la dificultad se ocasione a ciertas imposiciones familiares o incluso culturales que nos impiden priorizarnos y de esa tensi\u00f3n resulta la insatisfacci\u00f3n que sobreviene y que, al menos, resulta contradictoria, porque un per\u00edodo que deber\u00eda ser de disfrute absoluto se transforma en un motivo de frustraci\u00f3n.<\/p>\n<p>Una alternativa es dejar de lado el \u201cdeber ser\u201d o el \u201cdeber hacer\u201d y planificar las vacaciones desde nuestras prioridades y posibilidades, teniendo en cuenta motivaciones propias y no ajenas y permitirnos consensuar s\u00f3lo si ello no implica renunciar a nuestros deseos. Las vacaciones no son un lujo, ni un capricho, sino una necesidad y como tal habr\u00eda que experimentarlas, pero sin olvidar que como su definici\u00f3n lo indica, vacacionar es descansar, lo dem\u00e1s es secundario.<\/p>\n<p>Clr. Claudia Quiroga Daldi<br \/>Equipo de difusi\u00f3n del Counseling<br \/>Asociaci\u00f3n Argentina de Counselors<\/p>\n","protected":false},"excerpt":{"rendered":"<p>Clr. Claudia Quiroga DaldiEquipo de difusi\u00f3n del CounselingAsociaci\u00f3n Argentina de Counselors Seg\u00fan la Real Academia Espa\u00f1ola, Vacaci\u00f3n (lo toma en singular) es el descanso temporal de una actividad habitual, principalmente del trabajo remunerado o de los estudios. Sin embargo, no es inusual que luego de nuestras vacaciones descubramos que no descansamos lo suficiente y cierta [&hellip;]<\/p>\n","protected":false},"author":1,"featured_media":691,"comment_status":"open","ping_status":"open","sticky":false,"template":"","format":"standard","meta":{"_et_pb_use_builder":"","_et_pb_old_content":"","_et_gb_content_width":"","footnotes":""},"categories":[11,33],"tags":[],"class_list":["post-690","post","type-post","status-publish","format-standard","has-post-thumbnail","hentry","category-ciudad","category-sociedad-y-cultura-2"],"_links":{"self":[{"href":"https:\/\/vocesdebaires.com.ar\/index.php\/wp-json\/wp\/v2\/posts\/690"}],"collection":[{"href":"https:\/\/vocesdebaires.com.ar\/index.php\/wp-json\/wp\/v2\/posts"}],"about":[{"href":"https:\/\/vocesdebaires.com.ar\/index.php\/wp-json\/wp\/v2\/types\/post"}],"author":[{"embeddable":true,"href":"https:\/\/vocesdebaires.com.ar\/index.php\/wp-json\/wp\/v2\/users\/1"}],"replies":[{"embeddable":true,"href":"https:\/\/vocesdebaires.com.ar\/index.php\/wp-json\/wp\/v2\/comments?post=690"}],"version-history":[{"count":0,"href":"https:\/\/vocesdebaires.com.ar\/index.php\/wp-json\/wp\/v2\/posts\/690\/revisions"}],"wp:featuredmedia":[{"embeddable":true,"href":"https:\/\/vocesdebaires.com.ar\/index.php\/wp-json\/wp\/v2\/media\/691"}],"wp:attachment":[{"href":"https:\/\/vocesdebaires.com.ar\/index.php\/wp-json\/wp\/v2\/media?parent=690"}],"wp:term":[{"taxonomy":"category","embeddable":true,"href":"https:\/\/vocesdebaires.com.ar\/index.php\/wp-json\/wp\/v2\/categories?post=690"},{"taxonomy":"post_tag","embeddable":true,"href":"https:\/\/vocesdebaires.com.ar\/index.php\/wp-json\/wp\/v2\/tags?post=690"}],"curies":[{"name":"wp","href":"https:\/\/api.w.org\/{rel}","templated":true}]}}