{"id":6911,"date":"2018-10-24T03:00:00","date_gmt":"2018-10-24T06:00:00","guid":{"rendered":"http:\/\/vocesdebaires.com.ar\/wordpress\/index.php\/2018\/10\/24\/larreta-michetti-inauguraron-comuna-3\/"},"modified":"2018-10-24T03:00:00","modified_gmt":"2018-10-24T06:00:00","slug":"larreta-michetti-inauguraron-comuna-3","status":"publish","type":"post","link":"https:\/\/vocesdebaires.com.ar\/index.php\/2018\/10\/24\/larreta-michetti-inauguraron-comuna-3\/","title":{"rendered":"Larreta, Michetti: Inauguraron comuna 3"},"content":{"rendered":"<p>\u00a0<br \/>\nEl jefe de Gobierno porte\u00f1o, Horacio Rodr\u00edguez Larreta, y la vicepresidenta de la Naci\u00f3n, Gabriela Michetti, inauguraron ayer martes la nueva sede de la Comuna 3, ubicada en el Spinetto Shopping del barrio de Balvanera. Este edificio contar\u00e1 con 39 puestos de atenci\u00f3n y 59 personas trabajando. Rodr\u00edguez Larreta asegur\u00f3 que \u201cesta iniciativa va con nuestro objetivo de cada d\u00eda atender mejor a la gente\u201d y destac\u00f3 que \u201cen un lugar lindo para trabajar, primero quienes trabajan lo hacen mejor, pero tambi\u00e9n a la much\u00edsima gente que atendemos con nuestros tr\u00e1mites, queremos darle cada d\u00eda un mejor servicio\u201d.El Jefe de Gobierno remarc\u00f3 adem\u00e1s que \u201ctenemos un equipo de primera calidad que est\u00e1 muy bien capacitado para atender bien en rentas, en licencias, en todos los tr\u00e1mites de la comuna\u201d.A su vez, dijo que \u201cestamos convencidos que trabajando juntos le vamos a dar m\u00e1s vida al barrio\u201d y que \u201cla vida en el barrio genera tambi\u00e9n mejor seguridad, as\u00ed que todo esto adem\u00e1s ayuda a ir mejorando toda esta zona sur de la Ciudad\u201d.<br \/>\n\u201cLa idea es que este mismo nivel de atenci\u00f3n lo tengamos en todas las comunas de la Ciudad\u201d, complet\u00f3 el Jefe de Gobierno.Por su parte, Michetti se dirigi\u00f3 a Rodr\u00edguez Larreta y expres\u00f3: \u201cSolamente quiero felicitarte a vos por la iniciativa de mejorar las comunas en lo que tiene que ver con el acceso a los servicios de la Ciudad, que me parece que es s\u00faper importante. Y a todos los equipos que trabajan, porque trabaja el equipo de obras, trabaja el equipo que tiene que conectar y relacionarse en este caso con las empresas y en otros casos con los vecinos\u00bb. Tambi\u00e9n participaron de la inauguraci\u00f3n el vicejefe de Gobierno, Diego Santilli; el jefe de Gabinete de la Ciudad, Felipe Miguel; el secretario de Atenci\u00f3n y Gesti\u00f3n Ciudadana, Facundo Carrillo, y la subsecretaria de Gesti\u00f3n Comunal, Marina Hern\u00e1ndez. Miguel manifest\u00f3 que \u201ces una alegr\u00eda enorme estar ac\u00e1 inaugurando la nueva sede de la Comuna 3. Con m\u00e1s espacio, con much\u00edsimos m\u00e1s servicios, con mayor accesibilidad. Las instalaciones quedaron buen\u00edsimas para darle los mejores servicios y la mejor atenci\u00f3n a todos los vecinos\u201d.<br \/>\nLa nueva sede posibilitar\u00e1 que los vecinos de Balvanera y San Crist\u00f3bal puedan realizar sus tr\u00e1mites de manera \u00e1gil y sencilla en un ambiente m\u00e1s funcional. Se concentran todos los servicios de tr\u00e1mites en un solo lugar, brindando m\u00e1s puestos de atenci\u00f3n y generando m\u00e1s movimiento en una zona comercial. Se ofrecer\u00e1 el servicio de defensa al consumidor, para proteger a los ciudadanos en su rol de consumidores de productos y servicios a trav\u00e9s de la aplicaci\u00f3n de las leyes. Se ofrecer\u00e1 el servicio de mediaci\u00f3n comunitaria, para generar un espacio de di\u00e1logo directo y participativo entre dos o m\u00e1s personas para la resoluci\u00f3n de un conflicto, con la intervenci\u00f3n de un mediador. Se podr\u00e1n realizar los tr\u00e1mites referidos a la SUBE, el sistema de Ecobici y todo lo relacionado con la AGIP y las infracciones. Tambi\u00e9n estar\u00e1 disponible el servicio de Vinculaci\u00f3n Ciudadana con la<br \/>\nSeguridad, a trav\u00e9s del cual los vecinos podr\u00e1n presentar sus problemas de seguridad en el \u00e1mbito local, as\u00ed como el sistema de Terminales de Pago Autom\u00e1tico (ATMs), responsable de ejecutar los pagos y cobranzas de los ingresos originados por las distintas reparticiones que tienen representaci\u00f3n mediante la ejecuci\u00f3n de tr\u00e1mites en las sedes comunales.La sede contar\u00e1 adem\u00e1s con un Centro de Integraci\u00f3n Laboral; el servicio de licencias para conducir; una Direcci\u00f3n General de la Mujer que brindar\u00e1 asistencia integral a mujeres, ni\u00f1as y ni\u00f1os en situaci\u00f3n de violencia de g\u00e9nero; un registro civil; un Servicio Jur\u00eddico a la Comunidad y acceso al Programa Proteger, que brinda asistencia a los adultos mayores que son v\u00edctimas de abuso o maltrato. El edificio tendr\u00e1 cinco salas: una sala de matrimonios con capacidad para 60 personas, un SUM para 50 personas, dos salas de reuniones y una oficina para uso interno.<\/p>\n","protected":false},"excerpt":{"rendered":"<p>\u00a0 El jefe de Gobierno porte\u00f1o, Horacio Rodr\u00edguez Larreta, y la vicepresidenta de la Naci\u00f3n, Gabriela Michetti, inauguraron ayer martes la nueva sede de la Comuna 3, ubicada en el Spinetto Shopping del barrio de Balvanera. Este edificio contar\u00e1 con 39 puestos de atenci\u00f3n y 59 personas trabajando. Rodr\u00edguez Larreta asegur\u00f3 que \u201cesta iniciativa va [&hellip;]<\/p>\n","protected":false},"author":1,"featured_media":6912,"comment_status":"open","ping_status":"open","sticky":false,"template":"","format":"standard","meta":{"_et_pb_use_builder":"","_et_pb_old_content":"","_et_gb_content_width":"","footnotes":""},"categories":[11,32],"tags":[],"class_list":["post-6911","post","type-post","status-publish","format-standard","has-post-thumbnail","hentry","category-ciudad","category-comunas"],"_links":{"self":[{"href":"https:\/\/vocesdebaires.com.ar\/index.php\/wp-json\/wp\/v2\/posts\/6911"}],"collection":[{"href":"https:\/\/vocesdebaires.com.ar\/index.php\/wp-json\/wp\/v2\/posts"}],"about":[{"href":"https:\/\/vocesdebaires.com.ar\/index.php\/wp-json\/wp\/v2\/types\/post"}],"author":[{"embeddable":true,"href":"https:\/\/vocesdebaires.com.ar\/index.php\/wp-json\/wp\/v2\/users\/1"}],"replies":[{"embeddable":true,"href":"https:\/\/vocesdebaires.com.ar\/index.php\/wp-json\/wp\/v2\/comments?post=6911"}],"version-history":[{"count":0,"href":"https:\/\/vocesdebaires.com.ar\/index.php\/wp-json\/wp\/v2\/posts\/6911\/revisions"}],"wp:featuredmedia":[{"embeddable":true,"href":"https:\/\/vocesdebaires.com.ar\/index.php\/wp-json\/wp\/v2\/media\/6912"}],"wp:attachment":[{"href":"https:\/\/vocesdebaires.com.ar\/index.php\/wp-json\/wp\/v2\/media?parent=6911"}],"wp:term":[{"taxonomy":"category","embeddable":true,"href":"https:\/\/vocesdebaires.com.ar\/index.php\/wp-json\/wp\/v2\/categories?post=6911"},{"taxonomy":"post_tag","embeddable":true,"href":"https:\/\/vocesdebaires.com.ar\/index.php\/wp-json\/wp\/v2\/tags?post=6911"}],"curies":[{"name":"wp","href":"https:\/\/api.w.org\/{rel}","templated":true}]}}