{"id":692,"date":"2020-01-07T03:00:00","date_gmt":"2020-01-07T06:00:00","guid":{"rendered":"http:\/\/vocesdebaires.com.ar\/wordpress\/index.php\/2020\/01\/07\/escuelas-publicas-entregaran-notebooks\/"},"modified":"2020-01-07T03:00:00","modified_gmt":"2020-01-07T06:00:00","slug":"escuelas-publicas-entregaran-notebooks","status":"publish","type":"post","link":"https:\/\/vocesdebaires.com.ar\/index.php\/2020\/01\/07\/escuelas-publicas-entregaran-notebooks\/","title":{"rendered":"Escuelas p\u00fablicas: Entregaran notebooks"},"content":{"rendered":"<p>Adriana Puiggr\u00f3s, viceministra de Educaci\u00f3n de la Naci\u00f3n, adelant\u00f3 que el gobierno trabaja en la Re implementaci\u00f3n del plan Conectar Igualdad, que entregaba notebooks a estudiantes de escuelas estatales del pa\u00eds. Si bien asegur\u00f3 que el programa volver\u00e1, por ahora solo dio \u201calgunos detalles iniciales\u201d y adelant\u00f3 que tomar\u00e1 \u201cmuchos meses\u201d volver a ponerlo en marcha. Los chicos usan mucho los celulares y tenemos que tomar decisiones al respecto porque el celular es una peque\u00f1a computadora.<\/p>\n<p>Probablemente lo hagamos usando muchos soportes distintos y sumando la campa\u00f1a de lectura, el libro\u00bb. En este mismo sentido, durante el lanzamiento del Plan Nacional de Lecturas la semana pasada, el ministro de Educaci\u00f3n Nicol\u00e1s Trotta dijo que \u00e9ste \u201cse vincula a lo que nosotros consideramos que es una pol\u00edtica central en t\u00e9rminos educativos para los tiempos que vienen\u201d, y sobre el Conectar Igualdad, asegur\u00f3 que \u201ctanto la distribuci\u00f3n de libros como la de computadoras deben dialogar entre s\u00ed, ya que no son tecnolog\u00edas contradictorias\u201d.<\/p>\n","protected":false},"excerpt":{"rendered":"<p>Adriana Puiggr\u00f3s, viceministra de Educaci\u00f3n de la Naci\u00f3n, adelant\u00f3 que el gobierno trabaja en la Re implementaci\u00f3n del plan Conectar Igualdad, que entregaba notebooks a estudiantes de escuelas estatales del pa\u00eds. Si bien asegur\u00f3 que el programa volver\u00e1, por ahora solo dio \u201calgunos detalles iniciales\u201d y adelant\u00f3 que tomar\u00e1 \u201cmuchos meses\u201d volver a ponerlo en [&hellip;]<\/p>\n","protected":false},"author":1,"featured_media":693,"comment_status":"open","ping_status":"open","sticky":false,"template":"","format":"standard","meta":{"_et_pb_use_builder":"","_et_pb_old_content":"","_et_gb_content_width":"","footnotes":""},"categories":[35,12],"tags":[],"class_list":["post-692","post","type-post","status-publish","format-standard","has-post-thumbnail","hentry","category-gobierno","category-nacion"],"_links":{"self":[{"href":"https:\/\/vocesdebaires.com.ar\/index.php\/wp-json\/wp\/v2\/posts\/692"}],"collection":[{"href":"https:\/\/vocesdebaires.com.ar\/index.php\/wp-json\/wp\/v2\/posts"}],"about":[{"href":"https:\/\/vocesdebaires.com.ar\/index.php\/wp-json\/wp\/v2\/types\/post"}],"author":[{"embeddable":true,"href":"https:\/\/vocesdebaires.com.ar\/index.php\/wp-json\/wp\/v2\/users\/1"}],"replies":[{"embeddable":true,"href":"https:\/\/vocesdebaires.com.ar\/index.php\/wp-json\/wp\/v2\/comments?post=692"}],"version-history":[{"count":0,"href":"https:\/\/vocesdebaires.com.ar\/index.php\/wp-json\/wp\/v2\/posts\/692\/revisions"}],"wp:featuredmedia":[{"embeddable":true,"href":"https:\/\/vocesdebaires.com.ar\/index.php\/wp-json\/wp\/v2\/media\/693"}],"wp:attachment":[{"href":"https:\/\/vocesdebaires.com.ar\/index.php\/wp-json\/wp\/v2\/media?parent=692"}],"wp:term":[{"taxonomy":"category","embeddable":true,"href":"https:\/\/vocesdebaires.com.ar\/index.php\/wp-json\/wp\/v2\/categories?post=692"},{"taxonomy":"post_tag","embeddable":true,"href":"https:\/\/vocesdebaires.com.ar\/index.php\/wp-json\/wp\/v2\/tags?post=692"}],"curies":[{"name":"wp","href":"https:\/\/api.w.org\/{rel}","templated":true}]}}