{"id":6950,"date":"2018-10-08T03:00:00","date_gmt":"2018-10-08T06:00:00","guid":{"rendered":"http:\/\/vocesdebaires.com.ar\/wordpress\/index.php\/2018\/10\/08\/barrio-31-parte-del-legado-de-los-jjoo\/"},"modified":"2018-10-08T03:00:00","modified_gmt":"2018-10-08T06:00:00","slug":"barrio-31-parte-del-legado-de-los-jjoo","status":"publish","type":"post","link":"https:\/\/vocesdebaires.com.ar\/index.php\/2018\/10\/08\/barrio-31-parte-del-legado-de-los-jjoo\/","title":{"rendered":"Barrio 31: Parte del legado de los JJOO"},"content":{"rendered":"<p>\u00a0<br \/>\nEl jefe de Gobierno porte\u00f1o, Horacio Rodr\u00edguez Larreta, particip\u00f3 hoy de un evento en el que se reconoci\u00f3 la inversi\u00f3n que propusieron el Comit\u00e9 Ol\u00edmpico Internacional (COI), el Banco Interamericano de Desarrollo (BID) y la Organizaci\u00f3n Deportiva Panamericana, Panam Sports, para dejar un legado perdurable en el Barrio 31, en el marco de los Juegos Ol\u00edmpicos de la Juventud Buenos Aires 2018, que se desarrollan en la Ciudad hasta el 18 de octubre.<br \/>\n\u00abPara nosotros es un gran sue\u00f1o y un gran objetivo que todos tengan los mismos derechos y oportunidades\u00bb, expres\u00f3 Rodr\u00edguez Larreta, quien estuvo acompa\u00f1ado por el presidente del COI, Thomas Bach; el presidente del Comit\u00e9 Ol\u00edmpico Argentino, Gerardo Werthein; el presidente del BID, Alberto Moreno; el secretario de Integraci\u00f3n Social y Urbana de la Ciudad, Diego Fern\u00e1ndez; el presidente de Panam Sports, Newen Ilic; el vicejefe de Gobierno porte\u00f1o, Diego Santilli; y la ex tenista argentina Gabriela Sabatini.<br \/>\nEl objetivo es crear un Centro de Iniciaci\u00f3n Deportiva y Capacitaci\u00f3n de Valores Ol\u00edmpicos y G\u00e9nero para que los chicos y las chicas del Barrio 31 se inserten en la pr\u00e1ctica y los valores del deporte, adem\u00e1s de tomar conciencia en materia de g\u00e9nero. Adem\u00e1s, el Jefe de Gobierno porte\u00f1o indic\u00f3 que \u00abuno de los principales pilares de los Juegos es que gran parte de ellos se desarrollan en el sur de la Ciudad\u00bb, y agreg\u00f3: \u00abEste proyecto en el Barrio 31 va en esa direcci\u00f3n\u00bb. \u00abCon esto, los chicos pueden tener las mejores facilidades deportivas\u00bb, sostuvo.A su vez, reconoci\u00f3 que \u00abac\u00e1 al lado tambi\u00e9n estamos construyendo un Polo Educativo\u00bb, y resalt\u00f3 todo el trabajo de viviendas que est\u00e1 haciendo el Gobierno de la Ciudad, que permite \u00abacceder al sue\u00f1o de la casa propia a muchas familias\u00bb.<br \/>\nEste espacio va a contar con una cancha multideportiva y salas en donde se van a realizar talleres y programas que fomenten la concientizaci\u00f3n en el deporte y el g\u00e9nero. Por otro lado, Werthein detall\u00f3: \u00abSe trata de un Centro Comunitario para las mujeres y un Centro Deportivo con la posibilidad de poder ampliarlo\u00bb.\u00bbAspiramos a que todos los chicos del barrio se puedan integrar ac\u00e1, que tengan un espacio despu\u00e9s del colegio, que puedan tener actividades sociales y tambi\u00e9n actividades deportivas\u00bb, apunt\u00f3 el presidente del Comit\u00e9 Ol\u00edmpico Argentino. En tanto, Moreno manifest\u00f3: \u00abNosotros desde el BID tenemos un enorme compromiso con esta idea de transformaci\u00f3n social, y ahora tambi\u00e9n con este programa para ni\u00f1as que les permita tener una jornada extendida en la que se construyan valores\u00bb.<br \/>\n\u00abEn este barrio tambi\u00e9n estamos haciendo un edificio que conectar\u00e1 la Villa 31 con el resto de la Ciudad. Ser\u00e1 una obra ic\u00f3nica\u00bb, remarc\u00f3 el presidente del BID.Fern\u00e1ndez, por su parte, dijo que el proyecto es \u00abmuy interesante\u00bb, ya que \u00abva a agregarle al barrio un nuevo lugar para que las mujeres y los chicos se desarrollen y tengan m\u00e1s y mejores oportunidades\u00bb. En esa l\u00ednea, Ilic profundiz\u00f3: \u00abDetr\u00e1s de esto hay valores fant\u00e1sticos, que es el legado que queremos dejar en esta Ciudad\u00bb. \u00abA trav\u00e9s del deporte se puede crecer y tener esperanza. Queremos dejar una contribuci\u00f3n para que todos los chicos puedan hacer deporte, ser sanos y ser felices\u00bb, sostuvo el presidente de Panam Sports. El 20 de julio del 2018 se anunci\u00f3 que el BID iba a construir su primera oficina en el Barrio 31 de la Ciudad, la m\u00e1s grande de Latinoam\u00e9rica, que posibilitar\u00e1 que los vecinos tengan mayor movilidad y accesibilidad en el barrio.<br \/>\nEste edificio contar\u00e1 con nuevas oficinas para el BID y con un puente peatonal en su cubierta que va a pasar por encima de las v\u00edas del tren, permitiendo la conexi\u00f3n con el Parque Thays, el Centro de Exposiciones y Convenciones, la Facultad de Derecho y la Estaci\u00f3n Facultad de Derecho de la l\u00ednea H.Adem\u00e1s generar\u00e1 m\u00e1s de 1.000 empleos durante su per\u00edodo de construcci\u00f3n y m\u00e1s de 500 realizando el mantenimiento y equipamiento del edificio cuando finalicen las obras.De este modo, el Barrio 31 se suma a las distintas sedes que luego de los Juegos se convertir\u00e1n en un legado enorme para los vecinos. All\u00ed se encontrar\u00e1n nuevos espacios p\u00fablicos y verdes para promover actividades culturales, deportivas y de concientizaci\u00f3n social y ambiental.<br \/>\nEl Parque Ol\u00edmpico se va a transformar en un espacio de entrenamiento para los atletas argentinos y para futuras competencias internacionales, nacionales y regionales.Adem\u00e1s, la Villa Ol\u00edmpica ser\u00e1 la primera casa propia para miles de familias de la Ciudad que van a vivir all\u00ed gracias a cr\u00e9ditos hipotecarios accesibles del Banco Ciudad.Los Juegos Ol\u00edmpicos iniciaron ayer con la ceremonia inaugural en el Obelisco, a la que asistieron m\u00e1s de 200.000 personas, y hoy contin\u00faan con el primer d\u00eda de competencia, que tendr\u00e1 32 disciplinas en las que 4.000 atletas representar\u00e1n a 206 comit\u00e9s ol\u00edmpicos de todo el mundo. De esos j\u00f3venes, 141 ser\u00e1n argentinos, convirti\u00e9ndose en la delegaci\u00f3n del pa\u00eds organizador m\u00e1s grande de la historia. Adem\u00e1s, estos Juegos Ol\u00edmpicos de la Juventud se caracterizan por ser el evento deportivo con mayor igualdad de g\u00e9nero hasta la actualidad.<br \/>\nEl COI es el organismo que se encarga de promover el olimpismo en el mundo y coordinar las actividades del Movimiento Ol\u00edmpico. Para ello supervisa y administra todo lo que se relacione con los Juegos Ol\u00edmpicos de Verano, de Invierno y de la Juventud, adem\u00e1s de controlar los derechos de transmisi\u00f3n de las competencias, la publicidad y las actividades rigi\u00e9ndose por las normas de la Carta Ol\u00edmpica. Tambi\u00e9n es el encargado de seleccionar cada cuatro a\u00f1os las ciudades sedes de los juegos. Panam Sports es la Organizaci\u00f3n Deportiva Panamericana que re\u00fane a los Comit\u00e9s Ol\u00edmpicos Nacionales de Am\u00e9rica desde 1940. Su sede se encuentra en la Ciudad de M\u00e9xico y posee oficinas en Miami y Santiago de Chile. Es una de las organizaciones continentales que forma parte de la Asociaci\u00f3n de Comit\u00e9s Ol\u00edmpicos Nacionales bajo el lema de \u201cAm\u00e9rica, Esp\u00edritu, Deporte y Fraternidad\u201d.<\/p>\n","protected":false},"excerpt":{"rendered":"<p>\u00a0 El jefe de Gobierno porte\u00f1o, Horacio Rodr\u00edguez Larreta, particip\u00f3 hoy de un evento en el que se reconoci\u00f3 la inversi\u00f3n que propusieron el Comit\u00e9 Ol\u00edmpico Internacional (COI), el Banco Interamericano de Desarrollo (BID) y la Organizaci\u00f3n Deportiva Panamericana, Panam Sports, para dejar un legado perdurable en el Barrio 31, en el marco de los [&hellip;]<\/p>\n","protected":false},"author":1,"featured_media":6951,"comment_status":"open","ping_status":"open","sticky":false,"template":"","format":"standard","meta":{"_et_pb_use_builder":"","_et_pb_old_content":"","_et_gb_content_width":"","footnotes":""},"categories":[11,32],"tags":[],"class_list":["post-6950","post","type-post","status-publish","format-standard","has-post-thumbnail","hentry","category-ciudad","category-comunas"],"_links":{"self":[{"href":"https:\/\/vocesdebaires.com.ar\/index.php\/wp-json\/wp\/v2\/posts\/6950"}],"collection":[{"href":"https:\/\/vocesdebaires.com.ar\/index.php\/wp-json\/wp\/v2\/posts"}],"about":[{"href":"https:\/\/vocesdebaires.com.ar\/index.php\/wp-json\/wp\/v2\/types\/post"}],"author":[{"embeddable":true,"href":"https:\/\/vocesdebaires.com.ar\/index.php\/wp-json\/wp\/v2\/users\/1"}],"replies":[{"embeddable":true,"href":"https:\/\/vocesdebaires.com.ar\/index.php\/wp-json\/wp\/v2\/comments?post=6950"}],"version-history":[{"count":0,"href":"https:\/\/vocesdebaires.com.ar\/index.php\/wp-json\/wp\/v2\/posts\/6950\/revisions"}],"wp:featuredmedia":[{"embeddable":true,"href":"https:\/\/vocesdebaires.com.ar\/index.php\/wp-json\/wp\/v2\/media\/6951"}],"wp:attachment":[{"href":"https:\/\/vocesdebaires.com.ar\/index.php\/wp-json\/wp\/v2\/media?parent=6950"}],"wp:term":[{"taxonomy":"category","embeddable":true,"href":"https:\/\/vocesdebaires.com.ar\/index.php\/wp-json\/wp\/v2\/categories?post=6950"},{"taxonomy":"post_tag","embeddable":true,"href":"https:\/\/vocesdebaires.com.ar\/index.php\/wp-json\/wp\/v2\/tags?post=6950"}],"curies":[{"name":"wp","href":"https:\/\/api.w.org\/{rel}","templated":true}]}}