{"id":6973,"date":"2018-09-26T03:00:00","date_gmt":"2018-09-26T06:00:00","guid":{"rendered":"http:\/\/vocesdebaires.com.ar\/wordpress\/index.php\/2018\/09\/26\/ciudad-se-inauguro-la-primera-camara-hiperbarica\/"},"modified":"2018-09-26T03:00:00","modified_gmt":"2018-09-26T06:00:00","slug":"ciudad-se-inauguro-la-primera-camara-hiperbarica","status":"publish","type":"post","link":"https:\/\/vocesdebaires.com.ar\/index.php\/2018\/09\/26\/ciudad-se-inauguro-la-primera-camara-hiperbarica\/","title":{"rendered":"Ciudad: Se inaugur\u00f3 la primera c\u00e1mara hiperb\u00e1rica"},"content":{"rendered":"<p>\u00a0<br \/>\nSe inaugur\u00f3 la C\u00e1mara Hiperb\u00e1rica del Hospital de Quemados \u201cDr. Arturo U. Illia\u201d (Pedro Goyena 369, Caballito). Se trata de la primera c\u00e1mara hiperb\u00e1rica instalada en un hospital p\u00fablico de la Ciudad de Buenos Aires.Participaron del evento el Dr. Aldo Caridi, Subsecretario de Atenci\u00f3n Hospitalaria; el Dr. Armando Escobar, Director del hospital; el Dr. Ricardo Pappalardo, Subdirector M\u00e9dico y la Dra. Mercedes Portas, Jefa del Departamento de Cirug\u00eda Pl\u00e1stica y Quemados.La C\u00e1mara Hiperb\u00e1rica es un equipo para el tratamiento de pacientes quemados internados y ambulatorios, cuya patolog\u00eda compleja requiere el aporte de hiperoxigenaci\u00f3n tisular. Permite combatir el stress celular, mejorando la microcirculaci\u00f3n en los tejidos de pacientes quemados, diab\u00e9ticos, lesionados por inhalaci\u00f3n en incendios, quemaduras por radioterapia, angioplastias y otras patolog\u00edas.<br \/>\nLos tratamientos con estas c\u00e1maras contribuyen a disminuir el dolor y la inflamaci\u00f3n, aceleran la cicatrizaci\u00f3n, disminuyen las complicaciones y logran una mejor evoluci\u00f3n de los implantes necesarios en pacientes quemados. Es el primer Hospital P\u00fablico que incorpora a su patrimonio esta tecnolog\u00eda, siendo accesible gracias a la donaci\u00f3n de la empresa BioBarica, quien tambi\u00e9n capacit\u00f3 al personal profesional en la medicina hiperb\u00e1rica. Cada sesi\u00f3n en el sistema privado tiene un costo muy elevado, siendo necesarias 40 sesiones por tratamiento. Por lo tanto, contar con esta tecnolog\u00eda de avanzada en un hospital p\u00fablico, beneficia enormemente a los pacientes asistidos y adem\u00e1s, al tener el equipo en la instituci\u00f3n, no es necesario movilizar a los pacientes.<br \/>\nEl tratamiento de Oxigenaci\u00f3n Hiperb\u00e1rica resulta altamente beneficioso, ya que logra una mejor\u00eda sustancial en los tiempos de recuperaci\u00f3n del paciente, como tambi\u00e9n una menor incidencia de infecciones agudas y cr\u00f3nicas. Esto minimiza los tiempos de internaci\u00f3n, favorece el alta temprana y la rotaci\u00f3n de pacientes, lo que permite una mayor capacidad de camas disponibles para nuevas internaciones. Actualmente la c\u00e1mara est\u00e1 operativa, dando tratamiento a pacientes y desarrollando protocolos en quemaduras radioinducidas, quemaduras t\u00e9rmicas, quemaduras en pacientes diab\u00e9ticos, requerimientos de injertos y colgajos d\u00e9rmicos, entre otras aplicaciones.<br \/>\nLos protocolos est\u00e1n a cargo del equipo de la Dra. Mercedes Portas, jefe del Departamento de Cirug\u00eda Pl\u00e1stica y coordinadora del Comit\u00e9 de Radiopatolog\u00eda, y cuentan con el apoyo de la Autoridad Regulatoria Nuclear. Por \u00faltimo, la terapia de oxigenaci\u00f3n hiperb\u00e1rica ser\u00e1 incorporada en el tratamiento de diversas patolog\u00edas y en nuevos ensayos que incluyen quemaduras el\u00e9ctricas o acondicionamiento de injertos y colgajos. Todos los ensayos cl\u00ednicos cuentan con el aval y el asesoramiento cient\u00edfico de la Asociaci\u00f3n Argentina de Medicina Hiperb\u00e1rica e Investigaci\u00f3n y de su presidenta, la Dra. Mariana Cannellotto, quien ofreci\u00f3 la capacitaci\u00f3n correspondiente al personal del hospital.<br \/>\nHospital de Quemados Dr. Arturo Umberto Illia<br \/>\nEl Hospital de Quemados Dr. Arturo Umberto Illia, ubicado en Pedro Goyena 369 del barrio de Caballito, es un establecimiento que se especializa en la atenci\u00f3n de pacientes quemados a trav\u00e9s de Cuidados Progresivos. Se brinda tambi\u00e9n Cirug\u00eda Pl\u00e1stica y reconstructiva.<\/p>\n","protected":false},"excerpt":{"rendered":"<p>\u00a0 Se inaugur\u00f3 la C\u00e1mara Hiperb\u00e1rica del Hospital de Quemados \u201cDr. Arturo U. Illia\u201d (Pedro Goyena 369, Caballito). Se trata de la primera c\u00e1mara hiperb\u00e1rica instalada en un hospital p\u00fablico de la Ciudad de Buenos Aires.Participaron del evento el Dr. Aldo Caridi, Subsecretario de Atenci\u00f3n Hospitalaria; el Dr. Armando Escobar, Director del hospital; el Dr. [&hellip;]<\/p>\n","protected":false},"author":1,"featured_media":6974,"comment_status":"open","ping_status":"open","sticky":false,"template":"","format":"standard","meta":{"_et_pb_use_builder":"","_et_pb_old_content":"","_et_gb_content_width":"","footnotes":""},"categories":[11,32],"tags":[],"class_list":["post-6973","post","type-post","status-publish","format-standard","has-post-thumbnail","hentry","category-ciudad","category-comunas"],"_links":{"self":[{"href":"https:\/\/vocesdebaires.com.ar\/index.php\/wp-json\/wp\/v2\/posts\/6973"}],"collection":[{"href":"https:\/\/vocesdebaires.com.ar\/index.php\/wp-json\/wp\/v2\/posts"}],"about":[{"href":"https:\/\/vocesdebaires.com.ar\/index.php\/wp-json\/wp\/v2\/types\/post"}],"author":[{"embeddable":true,"href":"https:\/\/vocesdebaires.com.ar\/index.php\/wp-json\/wp\/v2\/users\/1"}],"replies":[{"embeddable":true,"href":"https:\/\/vocesdebaires.com.ar\/index.php\/wp-json\/wp\/v2\/comments?post=6973"}],"version-history":[{"count":0,"href":"https:\/\/vocesdebaires.com.ar\/index.php\/wp-json\/wp\/v2\/posts\/6973\/revisions"}],"wp:featuredmedia":[{"embeddable":true,"href":"https:\/\/vocesdebaires.com.ar\/index.php\/wp-json\/wp\/v2\/media\/6974"}],"wp:attachment":[{"href":"https:\/\/vocesdebaires.com.ar\/index.php\/wp-json\/wp\/v2\/media?parent=6973"}],"wp:term":[{"taxonomy":"category","embeddable":true,"href":"https:\/\/vocesdebaires.com.ar\/index.php\/wp-json\/wp\/v2\/categories?post=6973"},{"taxonomy":"post_tag","embeddable":true,"href":"https:\/\/vocesdebaires.com.ar\/index.php\/wp-json\/wp\/v2\/tags?post=6973"}],"curies":[{"name":"wp","href":"https:\/\/api.w.org\/{rel}","templated":true}]}}