{"id":706,"date":"2020-01-06T03:00:00","date_gmt":"2020-01-06T06:00:00","guid":{"rendered":"http:\/\/vocesdebaires.com.ar\/wordpress\/index.php\/2020\/01\/06\/creditos-uva-congelan-cuotas\/"},"modified":"2020-01-06T03:00:00","modified_gmt":"2020-01-06T06:00:00","slug":"creditos-uva-congelan-cuotas","status":"publish","type":"post","link":"https:\/\/vocesdebaires.com.ar\/index.php\/2020\/01\/06\/creditos-uva-congelan-cuotas\/","title":{"rendered":"Cr\u00e9ditos UVA: Congelan cuotas"},"content":{"rendered":"<p>El Gobierno nacional oficializ\u00f3 el mantenimiento de las cuotas de los cr\u00e9ditos UVA (Unidades de Valor Adquisitivo) durante 30 d\u00edas. La decisi\u00f3n fue acordada entre el Banco Central y el Ministerio de Desarrollo Territorial y H\u00e1bitat. A trav\u00e9s de la Resoluci\u00f3n 1\/2019 publicada este jueves en el Bolet\u00edn Oficial, el Poder Ejecutivo dispuso \u201cprorrogar por el mes de enero de 2020 el programa de cobertura creado por el Comit\u00e9 Ejecutivo del Fondo Fiduciario P\u00fablico denominado Programa Cr\u00e9dito Argentino del Bicentenario para la Vivienda \u00danica Familiar (Pro.Cre.Ar)\u201d.<\/p>\n<p>La medida ya hab\u00eda sido anunciada el pasado lunes, a ra\u00edz de que el 31 de diciembre venc\u00eda el congelamiento de las cuotas que hab\u00eda dispuesto el ex presidente Mauricio Macri, en el marco del conjunto de medidas que tom\u00f3 en agosto luego del resultado electoral adverso en las elecciones PASO. Desde el Central manifestaron que la iniciativa se da en el contexto de \u201ccrisis econ\u00f3mica que atraviesa la Argentina\u201d y anunciaron que \u201cse conformar\u00e1 una comisi\u00f3n para evaluar el desempe\u00f1o y las consecuencias del sistema de pr\u00e9stamos ajustables por UVA para la adquisici\u00f3n de viviendas, sus consecuencias sociales y econ\u00f3micas, atendiendo al criterio del esfuerzo compartido entre acreedor y deudor\u201d.<\/p>\n<p>La primera resoluci\u00f3n del a\u00f1o emitida por el Gobierno y que lleva la firma de la ministra de Desarrollo Territorial y H\u00e1bitat, Mar\u00eda Eugenia Bielsa, se da en el marco de medidas anunciadas para la clase media y los sectores m\u00e1s vulnerables. En la misma se estableci\u00f3 que la cuota de referencia que se tomar\u00e1 durante los pr\u00f3ximos 30 d\u00edas es la misma que se mantuvo durante estos meses, es decir la vigente al mes de agosto de 2019.El r\u00e9gimen de cr\u00e9ditos ajustables por UVA comenz\u00f3 a regir en abril de 2016, cuando el presidente del Banco Central era Federico Sturzenegger, con el prop\u00f3sito del anterior gobierno de crear un mecanismo de ajuste de las cuotas que facilitara el financiamiento para el acceso a la vivienda.<\/p>\n<p>No obstante, como el valor de la UVA se ajusta diariamente por el Coeficiente de Estabilizaci\u00f3n de Referencia (CER), el sistema comenz\u00f3 a generar problemas entre los tomadores de cr\u00e9dito por la elevada inflaci\u00f3n de los \u00faltimos a\u00f1os, debido a la ca\u00edda del poder adquisitivo de la poblaci\u00f3n y a la necesidad de contar cada vez con una proporci\u00f3n mayor de los ingresos familiares para el pago de las cuotas. A la fecha, el valor de la UVA es de 46,97, lo que significa un 51,22% de incremento interanual.<\/p>\n","protected":false},"excerpt":{"rendered":"<p>El Gobierno nacional oficializ\u00f3 el mantenimiento de las cuotas de los cr\u00e9ditos UVA (Unidades de Valor Adquisitivo) durante 30 d\u00edas. La decisi\u00f3n fue acordada entre el Banco Central y el Ministerio de Desarrollo Territorial y H\u00e1bitat. A trav\u00e9s de la Resoluci\u00f3n 1\/2019 publicada este jueves en el Bolet\u00edn Oficial, el Poder Ejecutivo dispuso \u201cprorrogar por [&hellip;]<\/p>\n","protected":false},"author":1,"featured_media":707,"comment_status":"open","ping_status":"open","sticky":false,"template":"","format":"standard","meta":{"_et_pb_use_builder":"","_et_pb_old_content":"","_et_gb_content_width":"","footnotes":""},"categories":[12,34],"tags":[],"class_list":["post-706","post","type-post","status-publish","format-standard","has-post-thumbnail","hentry","category-nacion","category-politica"],"_links":{"self":[{"href":"https:\/\/vocesdebaires.com.ar\/index.php\/wp-json\/wp\/v2\/posts\/706"}],"collection":[{"href":"https:\/\/vocesdebaires.com.ar\/index.php\/wp-json\/wp\/v2\/posts"}],"about":[{"href":"https:\/\/vocesdebaires.com.ar\/index.php\/wp-json\/wp\/v2\/types\/post"}],"author":[{"embeddable":true,"href":"https:\/\/vocesdebaires.com.ar\/index.php\/wp-json\/wp\/v2\/users\/1"}],"replies":[{"embeddable":true,"href":"https:\/\/vocesdebaires.com.ar\/index.php\/wp-json\/wp\/v2\/comments?post=706"}],"version-history":[{"count":0,"href":"https:\/\/vocesdebaires.com.ar\/index.php\/wp-json\/wp\/v2\/posts\/706\/revisions"}],"wp:featuredmedia":[{"embeddable":true,"href":"https:\/\/vocesdebaires.com.ar\/index.php\/wp-json\/wp\/v2\/media\/707"}],"wp:attachment":[{"href":"https:\/\/vocesdebaires.com.ar\/index.php\/wp-json\/wp\/v2\/media?parent=706"}],"wp:term":[{"taxonomy":"category","embeddable":true,"href":"https:\/\/vocesdebaires.com.ar\/index.php\/wp-json\/wp\/v2\/categories?post=706"},{"taxonomy":"post_tag","embeddable":true,"href":"https:\/\/vocesdebaires.com.ar\/index.php\/wp-json\/wp\/v2\/tags?post=706"}],"curies":[{"name":"wp","href":"https:\/\/api.w.org\/{rel}","templated":true}]}}