{"id":7098,"date":"2017-04-03T03:00:00","date_gmt":"2017-04-03T06:00:00","guid":{"rendered":"http:\/\/vocesdebaires.com.ar\/wordpress\/index.php\/2017\/04\/03\/sesion-especial-el-traspaso-de-la-justicia\/"},"modified":"2017-04-03T03:00:00","modified_gmt":"2017-04-03T06:00:00","slug":"sesion-especial-el-traspaso-de-la-justicia","status":"publish","type":"post","link":"https:\/\/vocesdebaires.com.ar\/index.php\/2017\/04\/03\/sesion-especial-el-traspaso-de-la-justicia\/","title":{"rendered":"Sesi\u00f3n Especial: El traspaso de la Justicia"},"content":{"rendered":"<p>\u00a0<br \/>\nLa Legislatura porte\u00f1a se reunir\u00e1 en Sesi\u00f3n Especial el pr\u00f3ximo mi\u00e9rcoles 5 de abril, a las 11:00, para tratar, como principales temas, cuatro proyectos de leyes referidos a la transferencia de funciones de la Justicia Nacional al \u00e1mbito de la Ciudad Aut\u00f3noma de Buenos Aires.<br \/>\nAs\u00ed lo dispone un decreto de convocatoria que lleva las firmas de la Vicepresidenta Primera, legisladora\u00a0Carmen Polledo (PRO) y del Secretario Parlamentario Carlos P\u00e9rez, dado que la Sesi\u00f3n Ordinaria prevista para el jueves \u00faltimo no se realiz\u00f3 a causa del repentino deceso del presidente del Consejo de la Magistratura de la Ciudad Aut\u00f3noma de Buenos Aires y ex diputado Enzo Pagani, cuyos restos mortales fueron velados en la sede legislativa.<br \/>\nLos proyectos que se tratar\u00e1n tienen despachos de la Comisi\u00f3n de Relaciones Interjurisdiccionales y se refieren a la transferencia progresiva de la Justicia Ordinaria Penal, el fuero sobre relaciones del consumo (derechos del consumidor), la Inspecci\u00f3n General de Justicia (IGJ) y el Registro de la Propiedad Inmueble (RPI).<br \/>\nTambi\u00e9n est\u00e1 previsto debatir y votar, para su aprobaci\u00f3n definitiva, un proyecto de ley de segunda lectura que dispone crear una plaza p\u00fablica con centro cultural, educativo, recreativo y deportivo en la Manzana 66 del barrio de Balvanera. Esta iniciativa surgi\u00f3 a\u00f1os atr\u00e1s de los propios vecinos del lugar y pas\u00f3 recientemente por Audiencia P\u00fablica.<br \/>\n\u00a0<\/p>\n","protected":false},"excerpt":{"rendered":"<p>\u00a0 La Legislatura porte\u00f1a se reunir\u00e1 en Sesi\u00f3n Especial el pr\u00f3ximo mi\u00e9rcoles 5 de abril, a las 11:00, para tratar, como principales temas, cuatro proyectos de leyes referidos a la transferencia de funciones de la Justicia Nacional al \u00e1mbito de la Ciudad Aut\u00f3noma de Buenos Aires. As\u00ed lo dispone un decreto de convocatoria que lleva [&hellip;]<\/p>\n","protected":false},"author":1,"featured_media":7099,"comment_status":"open","ping_status":"open","sticky":false,"template":"","format":"standard","meta":{"_et_pb_use_builder":"","_et_pb_old_content":"","_et_gb_content_width":"","footnotes":""},"categories":[11,33],"tags":[],"class_list":["post-7098","post","type-post","status-publish","format-standard","has-post-thumbnail","hentry","category-ciudad","category-sociedad-y-cultura-2"],"_links":{"self":[{"href":"https:\/\/vocesdebaires.com.ar\/index.php\/wp-json\/wp\/v2\/posts\/7098"}],"collection":[{"href":"https:\/\/vocesdebaires.com.ar\/index.php\/wp-json\/wp\/v2\/posts"}],"about":[{"href":"https:\/\/vocesdebaires.com.ar\/index.php\/wp-json\/wp\/v2\/types\/post"}],"author":[{"embeddable":true,"href":"https:\/\/vocesdebaires.com.ar\/index.php\/wp-json\/wp\/v2\/users\/1"}],"replies":[{"embeddable":true,"href":"https:\/\/vocesdebaires.com.ar\/index.php\/wp-json\/wp\/v2\/comments?post=7098"}],"version-history":[{"count":0,"href":"https:\/\/vocesdebaires.com.ar\/index.php\/wp-json\/wp\/v2\/posts\/7098\/revisions"}],"wp:featuredmedia":[{"embeddable":true,"href":"https:\/\/vocesdebaires.com.ar\/index.php\/wp-json\/wp\/v2\/media\/7099"}],"wp:attachment":[{"href":"https:\/\/vocesdebaires.com.ar\/index.php\/wp-json\/wp\/v2\/media?parent=7098"}],"wp:term":[{"taxonomy":"category","embeddable":true,"href":"https:\/\/vocesdebaires.com.ar\/index.php\/wp-json\/wp\/v2\/categories?post=7098"},{"taxonomy":"post_tag","embeddable":true,"href":"https:\/\/vocesdebaires.com.ar\/index.php\/wp-json\/wp\/v2\/tags?post=7098"}],"curies":[{"name":"wp","href":"https:\/\/api.w.org\/{rel}","templated":true}]}}