{"id":710,"date":"2020-01-03T03:00:00","date_gmt":"2020-01-03T06:00:00","guid":{"rendered":"http:\/\/vocesdebaires.com.ar\/wordpress\/index.php\/2020\/01\/03\/ciudad-visita-al-centro-verde-saavedra\/"},"modified":"2020-01-03T03:00:00","modified_gmt":"2020-01-03T06:00:00","slug":"ciudad-visita-al-centro-verde-saavedra","status":"publish","type":"post","link":"https:\/\/vocesdebaires.com.ar\/index.php\/2020\/01\/03\/ciudad-visita-al-centro-verde-saavedra\/","title":{"rendered":"Ciudad: Visita al Centro Verde Saavedra"},"content":{"rendered":"<p>La verificaci\u00f3n y punto de encuentro se realiz\u00f3 ayer\u00a0 en la intersecci\u00f3n de Deheza y Holmberg, donde se pudo verificar el buen estado de las veredas y el pared\u00f3n que limita en la l\u00ednea municipal. En la recorrida tambi\u00e9n se pudo verificar que el per\u00edmetro exterior se encuentra en buen estado de conservaci\u00f3n, excepto por algunos detalles de parquizaci\u00f3n y de basura desparramada en la vereda de Deheza y Holmberg, donde se observan autos precintados bajo custodia policial de la comisar\u00eda cercana perteneciente a la Polic\u00eda de la Provincia de Buenos Aires.<\/p>\n<p>Una vez constituido en el lugar, el personal de la Defensor\u00eda fue recibido por miembros del Gobierno de la Ciudad de Buenos Aires pertenecientes a la Direcci\u00f3n General de Reciclado (DGREC) y de la Cooperativa El Amanecer de los Cartoneros, quienes les informaron sobre la necesidad de presentar un permiso para el ingreso a la planta, que parece estar operativa y en condiciones normales desde hace un mes. A su vez, los funcionarios manifestaron que en un corto plazo esta planta va a quedar fuera de escala, ya que la cantidad de reciclables es cada vez mayor. Por otra parte aseguraron que es un logro tener esta planta en la zona Norte para no tener que realizar env\u00edos al sur de la Ciudad, como ser en el predio que posee la cooperativa en la Zona Sur, en Cortejarena y Los Patos.<\/p>\n<p>Tambi\u00e9n destacaron que hubo una cierta resistencia por parte de \u201cciertos\u201d vecinos, pero que actualmente esa resistencia qued\u00f3 sin sustento ya que la planta est\u00e1 operativa sin olores ni diseminaci\u00f3n de basura. Se realizar\u00e1 una nueva visita con previa autorizaci\u00f3n por parte de la Direcci\u00f3n General de Reciclado previo llamado telef\u00f3nico con Victoria Bleynat de la DGREC. Finalmente y como punto a destacar el \u00fanico sitio por donde se pudo percibir olores a residuos provenientes de las cajas estacionarias ubicadas en el interior del predio de las calles Plaza y Vedia, (Panamericana Plaza), pero no se han percibido olores molestos por parte de esta planta de separaci\u00f3n de materiales reciclables.<\/p>\n","protected":false},"excerpt":{"rendered":"<p>La verificaci\u00f3n y punto de encuentro se realiz\u00f3 ayer\u00a0 en la intersecci\u00f3n de Deheza y Holmberg, donde se pudo verificar el buen estado de las veredas y el pared\u00f3n que limita en la l\u00ednea municipal. En la recorrida tambi\u00e9n se pudo verificar que el per\u00edmetro exterior se encuentra en buen estado de conservaci\u00f3n, excepto por [&hellip;]<\/p>\n","protected":false},"author":1,"featured_media":711,"comment_status":"open","ping_status":"open","sticky":false,"template":"","format":"standard","meta":{"_et_pb_use_builder":"","_et_pb_old_content":"","_et_gb_content_width":"","footnotes":""},"categories":[11,32],"tags":[],"class_list":["post-710","post","type-post","status-publish","format-standard","has-post-thumbnail","hentry","category-ciudad","category-comunas"],"_links":{"self":[{"href":"https:\/\/vocesdebaires.com.ar\/index.php\/wp-json\/wp\/v2\/posts\/710"}],"collection":[{"href":"https:\/\/vocesdebaires.com.ar\/index.php\/wp-json\/wp\/v2\/posts"}],"about":[{"href":"https:\/\/vocesdebaires.com.ar\/index.php\/wp-json\/wp\/v2\/types\/post"}],"author":[{"embeddable":true,"href":"https:\/\/vocesdebaires.com.ar\/index.php\/wp-json\/wp\/v2\/users\/1"}],"replies":[{"embeddable":true,"href":"https:\/\/vocesdebaires.com.ar\/index.php\/wp-json\/wp\/v2\/comments?post=710"}],"version-history":[{"count":0,"href":"https:\/\/vocesdebaires.com.ar\/index.php\/wp-json\/wp\/v2\/posts\/710\/revisions"}],"wp:featuredmedia":[{"embeddable":true,"href":"https:\/\/vocesdebaires.com.ar\/index.php\/wp-json\/wp\/v2\/media\/711"}],"wp:attachment":[{"href":"https:\/\/vocesdebaires.com.ar\/index.php\/wp-json\/wp\/v2\/media?parent=710"}],"wp:term":[{"taxonomy":"category","embeddable":true,"href":"https:\/\/vocesdebaires.com.ar\/index.php\/wp-json\/wp\/v2\/categories?post=710"},{"taxonomy":"post_tag","embeddable":true,"href":"https:\/\/vocesdebaires.com.ar\/index.php\/wp-json\/wp\/v2\/tags?post=710"}],"curies":[{"name":"wp","href":"https:\/\/api.w.org\/{rel}","templated":true}]}}