{"id":7118,"date":"2017-03-01T08:25:48","date_gmt":"2017-03-01T11:25:48","guid":{"rendered":"http:\/\/vocesdebaires.com.ar\/wordpress\/index.php\/2017\/03\/01\/carnaval-en-la-ciudad-salio-a-las-calles\/"},"modified":"2017-03-01T08:25:48","modified_gmt":"2017-03-01T11:25:48","slug":"carnaval-en-la-ciudad-salio-a-las-calles","status":"publish","type":"post","link":"https:\/\/vocesdebaires.com.ar\/index.php\/2017\/03\/01\/carnaval-en-la-ciudad-salio-a-las-calles\/","title":{"rendered":"Carnaval en la ciudad sali\u00f3 a las calles"},"content":{"rendered":"<p>\u00a0<br \/>\nEl Carnaval Porte\u00f1o, organizado por la Direcci\u00f3n General de Promoci\u00f3n Cultural del Ministerio de Cultura de la Ciudad de Buenos Aires, es reconocido como uno de los carnavales m\u00e1s importantes del pa\u00eds por su infraestructura y organizaci\u00f3n.<br \/>\nEste a\u00f1o cuenta con las tradicionales Agrupaciones de Carnaval de la Ciudad de Buenos Aires y con una novedosa propuesta art\u00edstica con espect\u00e1culos en vivo para disfrutar con toda la familia. La edici\u00f3n del 2017 comenz\u00f3 el s\u00e1bado 4 de febrero y tuvo lugar durante todos los s\u00e1bados y domingos\u00a0 y\u00a0 durante estos \u00faltimos 4 d\u00edas de febrero\u00a0\u00a0 s\u00e1bado, domingo, lunes y martes. Y el cierre se pospuso para el s\u00e1bado 4 de marzo.<\/p>\n","protected":false},"excerpt":{"rendered":"<p>\u00a0 El Carnaval Porte\u00f1o, organizado por la Direcci\u00f3n General de Promoci\u00f3n Cultural del Ministerio de Cultura de la Ciudad de Buenos Aires, es reconocido como uno de los carnavales m\u00e1s importantes del pa\u00eds por su infraestructura y organizaci\u00f3n. Este a\u00f1o cuenta con las tradicionales Agrupaciones de Carnaval de la Ciudad de Buenos Aires y con [&hellip;]<\/p>\n","protected":false},"author":1,"featured_media":7119,"comment_status":"open","ping_status":"open","sticky":false,"template":"","format":"standard","meta":{"_et_pb_use_builder":"","_et_pb_old_content":"","_et_gb_content_width":"","footnotes":""},"categories":[11,32],"tags":[],"class_list":["post-7118","post","type-post","status-publish","format-standard","has-post-thumbnail","hentry","category-ciudad","category-comunas"],"_links":{"self":[{"href":"https:\/\/vocesdebaires.com.ar\/index.php\/wp-json\/wp\/v2\/posts\/7118"}],"collection":[{"href":"https:\/\/vocesdebaires.com.ar\/index.php\/wp-json\/wp\/v2\/posts"}],"about":[{"href":"https:\/\/vocesdebaires.com.ar\/index.php\/wp-json\/wp\/v2\/types\/post"}],"author":[{"embeddable":true,"href":"https:\/\/vocesdebaires.com.ar\/index.php\/wp-json\/wp\/v2\/users\/1"}],"replies":[{"embeddable":true,"href":"https:\/\/vocesdebaires.com.ar\/index.php\/wp-json\/wp\/v2\/comments?post=7118"}],"version-history":[{"count":0,"href":"https:\/\/vocesdebaires.com.ar\/index.php\/wp-json\/wp\/v2\/posts\/7118\/revisions"}],"wp:featuredmedia":[{"embeddable":true,"href":"https:\/\/vocesdebaires.com.ar\/index.php\/wp-json\/wp\/v2\/media\/7119"}],"wp:attachment":[{"href":"https:\/\/vocesdebaires.com.ar\/index.php\/wp-json\/wp\/v2\/media?parent=7118"}],"wp:term":[{"taxonomy":"category","embeddable":true,"href":"https:\/\/vocesdebaires.com.ar\/index.php\/wp-json\/wp\/v2\/categories?post=7118"},{"taxonomy":"post_tag","embeddable":true,"href":"https:\/\/vocesdebaires.com.ar\/index.php\/wp-json\/wp\/v2\/tags?post=7118"}],"curies":[{"name":"wp","href":"https:\/\/api.w.org\/{rel}","templated":true}]}}